{"id":153702,"date":"2025-11-16T12:48:10","date_gmt":"2025-11-16T12:48:10","guid":{"rendered":"https:\/\/www.europesays.com\/pt\/153702\/"},"modified":"2025-11-16T12:48:10","modified_gmt":"2025-11-16T12:48:10","slug":"estrela-do-k-pop-e-internada-apos-impedir-roubo-em-casa-junto-com-a-mae","status":"publish","type":"post","link":"https:\/\/www.europesays.com\/pt\/153702\/","title":{"rendered":"Estrela do K-pop \u00e9 internada ap\u00f3s impedir roubo em casa junto com a m\u00e3e"},"content":{"rendered":"<p><img fetchpriority=\"high\" decoding=\"async\" class=\"wp-image-1491556 size-full\" src=\"https:\/\/www.europesays.com\/pt\/wp-content\/uploads\/2025\/11\/img-20251116-wa00401.jpg\" alt=\"\" width=\"1600\" height=\"899\"  \/>Nana, estrela do K-Pop, v\u00edtima de assalto em Seul, na Cor\u00e9ia do Sul. Reprodu\u00e7\u00e3o<\/p>\n<p data-start=\"1070\" data-end=\"1436\">A artista sul-coreana Nana, conhecida por sua atua\u00e7\u00e3o no K-pop, est\u00e1 internada ap\u00f3s enfrentar um invasor que entrou \u00e0 for\u00e7a em sua resid\u00eancia na manh\u00e3 de s\u00e1bado (15) em um sub\u00farbio de Seul. Segundo a pol\u00edcia de Guri, o homem tentou roubar a casa da cantora, que reagiu com a ajuda da m\u00e3e. Ambas conseguiram imobilizar o suspeito, que foi preso por roubo qualificado.<\/p>\n<p data-start=\"1438\" data-end=\"1725\">A m\u00e3e de Nana sofreu ferimentos graves durante a luta corporal e chegou a ficar inconsciente, sendo levada ao hospital junto com a filha. Nana, cujo nome verdadeiro \u00e9 Jin-ah e que tem 34 anos, tamb\u00e9m ficou machucada ao tentar escapar da situa\u00e7\u00e3o. As duas seguem internadas em tratamento.<\/p>\n<p data-start=\"1727\" data-end=\"2033\">A artista come\u00e7ou sua carreira como integrante do trio Orange Caramel, do girl group After School, antes de consolidar trabalhos como atriz. A imprensa local informou que o invasor, um homem de 30 anos, foi detido logo ap\u00f3s ser contido pelas duas. A pol\u00edcia segue investigando as circunst\u00e2ncias da invas\u00e3o.<\/p>\n","protected":false},"excerpt":{"rendered":"Nana, estrela do K-Pop, v\u00edtima de assalto em Seul, na Cor\u00e9ia do Sul. Reprodu\u00e7\u00e3o A artista sul-coreana Nana,&hellip;\n","protected":false},"author":2,"featured_media":153703,"comment_status":"","ping_status":"","sticky":false,"template":"","format":"standard","meta":{"footnotes":""},"categories":[141],"tags":[114,115,149,150,32,33],"class_list":{"0":"post-153702","1":"post","2":"type-post","3":"status-publish","4":"format-standard","5":"has-post-thumbnail","7":"category-musica","8":"tag-entertainment","9":"tag-entretenimento","10":"tag-music","11":"tag-musica","12":"tag-portugal","13":"tag-pt"},"share_on_mastodon":{"url":"https:\/\/pubeurope.com\/@pt\/115559459083058646","error":""},"_links":{"self":[{"href":"https:\/\/www.europesays.com\/pt\/wp-json\/wp\/v2\/posts\/153702","targetHints":{"allow":["GET"]}}],"collection":[{"href":"https:\/\/www.europesays.com\/pt\/wp-json\/wp\/v2\/posts"}],"about":[{"href":"https:\/\/www.europesays.com\/pt\/wp-json\/wp\/v2\/types\/post"}],"author":[{"embeddable":true,"href":"https:\/\/www.europesays.com\/pt\/wp-json\/wp\/v2\/users\/2"}],"replies":[{"embeddable":true,"href":"https:\/\/www.europesays.com\/pt\/wp-json\/wp\/v2\/comments?post=153702"}],"version-history":[{"count":0,"href":"https:\/\/www.europesays.com\/pt\/wp-json\/wp\/v2\/posts\/153702\/revisions"}],"wp:featuredmedia":[{"embeddable":true,"href":"https:\/\/www.europesays.com\/pt\/wp-json\/wp\/v2\/media\/153703"}],"wp:attachment":[{"href":"https:\/\/www.europesays.com\/pt\/wp-json\/wp\/v2\/media?parent=153702"}],"wp:term":[{"taxonomy":"category","embeddable":true,"href":"https:\/\/www.europesays.com\/pt\/wp-json\/wp\/v2\/categories?post=153702"},{"taxonomy":"post_tag","embeddable":true,"href":"https:\/\/www.europesays.com\/pt\/wp-json\/wp\/v2\/tags?post=153702"}],"curies":[{"name":"wp","href":"https:\/\/api.w.org\/{rel}","templated":true}]}}