{"id":153706,"date":"2025-11-16T12:53:13","date_gmt":"2025-11-16T12:53:13","guid":{"rendered":"https:\/\/www.europesays.com\/pt\/153706\/"},"modified":"2025-11-16T12:53:13","modified_gmt":"2025-11-16T12:53:13","slug":"google-envia-inteligencia-artificial-ao-espaco-e-desafia-limites-da-tecnologia","status":"publish","type":"post","link":"https:\/\/www.europesays.com\/pt\/153706\/","title":{"rendered":"Google envia intelig\u00eancia artificial ao espa\u00e7o e desafia limites da tecnologia"},"content":{"rendered":"<p>Al\u00e9m disso, os planos incluem utilizar energia solar de forma praticamente ininterrupta. Para isso, os sat\u00e9lites dever\u00e3o operar\u00a0em uma \u00f3rbita terrestre baixa, sincronizada com o Sol (sun-synchronous).<\/p>\n<p>Mas n\u00e3o basta estarem no espa\u00e7o se n\u00e3o mantiverem uma comunica\u00e7\u00e3o eficiente entre os sat\u00e9lites, igual ou superior ao dos data centers em terra.<\/p>\n<p>Para isso, o Google pretende lan\u00e7ar, em parceria com a Planet, sat\u00e9lites-prot\u00f3tipo at\u00e9 2027 para analisar o comportamento do hardware em \u00f3rbita.<\/p>\n","protected":false},"excerpt":{"rendered":"Al\u00e9m disso, os planos incluem utilizar energia solar de forma praticamente ininterrupta. Para isso, os sat\u00e9lites dever\u00e3o operar\u00a0em&hellip;\n","protected":false},"author":2,"featured_media":153707,"comment_status":"","ping_status":"","sticky":false,"template":"","format":"standard","meta":{"footnotes":""},"categories":[84],"tags":[109,107,108,933,32,33,105,103,104,106,110],"class_list":{"0":"post-153706","1":"post","2":"type-post","3":"status-publish","4":"format-standard","5":"has-post-thumbnail","7":"category-ciencia-e-tecnologia","8":"tag-ciencia","9":"tag-ciencia-e-tecnologia","10":"tag-cienciaetecnologia","11":"tag-inteligencia-artificial","12":"tag-portugal","13":"tag-pt","14":"tag-science","15":"tag-science-and-technology","16":"tag-scienceandtechnology","17":"tag-technology","18":"tag-tecnologia"},"share_on_mastodon":{"url":"https:\/\/pubeurope.com\/@pt\/115559478335115420","error":""},"_links":{"self":[{"href":"https:\/\/www.europesays.com\/pt\/wp-json\/wp\/v2\/posts\/153706","targetHints":{"allow":["GET"]}}],"collection":[{"href":"https:\/\/www.europesays.com\/pt\/wp-json\/wp\/v2\/posts"}],"about":[{"href":"https:\/\/www.europesays.com\/pt\/wp-json\/wp\/v2\/types\/post"}],"author":[{"embeddable":true,"href":"https:\/\/www.europesays.com\/pt\/wp-json\/wp\/v2\/users\/2"}],"replies":[{"embeddable":true,"href":"https:\/\/www.europesays.com\/pt\/wp-json\/wp\/v2\/comments?post=153706"}],"version-history":[{"count":0,"href":"https:\/\/www.europesays.com\/pt\/wp-json\/wp\/v2\/posts\/153706\/revisions"}],"wp:featuredmedia":[{"embeddable":true,"href":"https:\/\/www.europesays.com\/pt\/wp-json\/wp\/v2\/media\/153707"}],"wp:attachment":[{"href":"https:\/\/www.europesays.com\/pt\/wp-json\/wp\/v2\/media?parent=153706"}],"wp:term":[{"taxonomy":"category","embeddable":true,"href":"https:\/\/www.europesays.com\/pt\/wp-json\/wp\/v2\/categories?post=153706"},{"taxonomy":"post_tag","embeddable":true,"href":"https:\/\/www.europesays.com\/pt\/wp-json\/wp\/v2\/tags?post=153706"}],"curies":[{"name":"wp","href":"https:\/\/api.w.org\/{rel}","templated":true}]}}