{"id":153709,"date":"2025-11-16T12:56:13","date_gmt":"2025-11-16T12:56:13","guid":{"rendered":"https:\/\/www.europesays.com\/pt\/153709\/"},"modified":"2025-11-16T12:56:13","modified_gmt":"2025-11-16T12:56:13","slug":"mais-de-125-mil-acidentes-e-379-mortos-este-ano-nas-estradas-portuguesas","status":"publish","type":"post","link":"https:\/\/www.europesays.com\/pt\/153709\/","title":{"rendered":"Mais de 125 mil acidentes e 379 mortos este ano nas estradas portuguesas"},"content":{"rendered":"<p>&#13;<br \/>\nOs dados provis\u00f3rios da ANSR mostram que este ano morreram menos pessoas nas estradas portuguesas em rela\u00e7\u00e3o ao mesmo per\u00edodo de 2024, mas os acidentes, feridos graves e ligeiros aumentaram.&#13;\n<\/p>\n<p>&#13;<br \/>\nSegundo a ANSR, entre 01 de janeiro e 13 de novembro ocorreram 125.621 acidentes rodovi\u00e1rios, mais 3.730 do que em igual per\u00edodo do ano anterior (121.891), e morreram 379 pessoas, menos 41 em rela\u00e7\u00e3o ao ano passado (420). &#13;\n<\/p>\n<p>&#13;<br \/>\nOs acidentes provocaram ainda este ano 2.451 feridos graves, mais 40 do que em igual per\u00edodo de 2024, e 39.316 feridos ligeiros, mais 686.&#13;\n<\/p>\n<p>&#13;<br \/>\nEste ano, o distrito onde morreram mais pessoas em acidentes rodovi\u00e1rios foi Lisboa (43), a seguir foi Porto (41) e em terceiro est\u00e1 Set\u00fabal (31).&#13;\n<\/p>\n<p>&#13;<br \/>\nPor sua vez, os distritos com menos mortos s\u00e3o a Guarda (seis), \u00c9vora (nove) e Vila Real (11).&#13;\n<\/p>\n<p>&#13;<br \/>\nLisboa (21.543), Porto (20.644) e Aveiro (9.545) foram os distritos com maior n\u00famero de desastres, segundo os dados provis\u00f3rios da ANSR. &#13;\n<\/p>\n<p>&#13;<br \/>\nJ\u00e1 Portalegre (1.270), Bragan\u00e7a (1.278) e Guarda (1.524) registaram o menor n\u00famero de acidentes nas estradas.&#13;\n<\/p>\n<p>&#13;<br \/>\nPara assinalar o dia mundial em mem\u00f3ria das v\u00edtimas da estrada, a Liga de Associa\u00e7\u00f5es pela Cidadania Rodovi\u00e1ria, Mobilidade Segura e Sustent\u00e1vel Estrada Viva e a Associa\u00e7\u00e3o para a Promo\u00e7\u00e3o de uma Cultura de Seguran\u00e7a Rodovi\u00e1ria GARE organizam uma cerim\u00f3nia em \u00c9vora.&#13;\n<\/p>\n<p>&#13;<br \/>\nSegundo a Estrada Viva, as estat\u00edsticas indicam que os acidentes rodovi\u00e1rios continuam a ser a principal causa de mortalidade de crian\u00e7as e jovens entre os cinco e os 29 anos.&#13;\n<\/p>\n<p>&#13;<br \/>\n&#8220;Neste Dia Mundial em Mem\u00f3ria das V\u00edtimas da Estrada, relembramos em especial o milh\u00e3o de jovens que em todo o mundo perdem a vida na estrada. Um milh\u00e3o de jovens com sonhos e talentos para cumprir, que nunca alcan\u00e7ar\u00e3o todo o seu potencial&#8221;, refere o comunicado da Estrada Viva.&#13;\n<\/p>\n<p>&#13;<br \/>\nDe acordo com a nota, a data enquadra-se na D\u00e9cada Global de A\u00e7\u00e3o para a Seguran\u00e7a Rodovi\u00e1ria 2021-2030, promovida pelas Na\u00e7\u00f5es Unidas, sendo o mote internacional da campanha &#8220;Lembrar, Apoiar, Agir&#8221;.&#13;\n<\/p>\n<p>&#13;<br \/>\nSegundo a Estrada Viva, com esta data, que \u00e9 celebrado no terceiro domingo de novembro de cada ano, pretende-se honrar a\u00a0mem\u00f3ria das v\u00edtimas da estrada\u00a0e o trabalho dos servi\u00e7os de emerg\u00eancia.&#13;<\/p>\n","protected":false},"excerpt":{"rendered":"&#13; Os dados provis\u00f3rios da ANSR mostram que este ano morreram menos pessoas nas estradas portuguesas em rela\u00e7\u00e3o&hellip;\n","protected":false},"author":2,"featured_media":153710,"comment_status":"","ping_status":"","sticky":false,"template":"","format":"standard","meta":{"footnotes":""},"categories":[10],"tags":[26191,27,28,33123,15,16,14,25,26,21,22,12,13,19,20,32,23,24,33,17,18,29,30,31],"class_list":{"0":"post-153709","1":"post","2":"type-post","3":"status-publish","4":"format-standard","5":"has-post-thumbnail","7":"category-portugal","8":"tag-ansr","9":"tag-breaking-news","10":"tag-breakingnews","11":"tag-cidadania-rodoviaria-mobilidade-segura","12":"tag-featured-news","13":"tag-featurednews","14":"tag-headlines","15":"tag-latest-news","16":"tag-latestnews","17":"tag-main-news","18":"tag-mainnews","19":"tag-news","20":"tag-noticias","21":"tag-noticias-principais","22":"tag-noticiasprincipais","23":"tag-portugal","24":"tag-principais-noticias","25":"tag-principaisnoticias","26":"tag-pt","27":"tag-top-stories","28":"tag-topstories","29":"tag-ultimas","30":"tag-ultimas-noticias","31":"tag-ultimasnoticias"},"share_on_mastodon":{"url":"https:\/\/pubeurope.com\/@pt\/115559490085366093","error":""},"_links":{"self":[{"href":"https:\/\/www.europesays.com\/pt\/wp-json\/wp\/v2\/posts\/153709","targetHints":{"allow":["GET"]}}],"collection":[{"href":"https:\/\/www.europesays.com\/pt\/wp-json\/wp\/v2\/posts"}],"about":[{"href":"https:\/\/www.europesays.com\/pt\/wp-json\/wp\/v2\/types\/post"}],"author":[{"embeddable":true,"href":"https:\/\/www.europesays.com\/pt\/wp-json\/wp\/v2\/users\/2"}],"replies":[{"embeddable":true,"href":"https:\/\/www.europesays.com\/pt\/wp-json\/wp\/v2\/comments?post=153709"}],"version-history":[{"count":0,"href":"https:\/\/www.europesays.com\/pt\/wp-json\/wp\/v2\/posts\/153709\/revisions"}],"wp:featuredmedia":[{"embeddable":true,"href":"https:\/\/www.europesays.com\/pt\/wp-json\/wp\/v2\/media\/153710"}],"wp:attachment":[{"href":"https:\/\/www.europesays.com\/pt\/wp-json\/wp\/v2\/media?parent=153709"}],"wp:term":[{"taxonomy":"category","embeddable":true,"href":"https:\/\/www.europesays.com\/pt\/wp-json\/wp\/v2\/categories?post=153709"},{"taxonomy":"post_tag","embeddable":true,"href":"https:\/\/www.europesays.com\/pt\/wp-json\/wp\/v2\/tags?post=153709"}],"curies":[{"name":"wp","href":"https:\/\/api.w.org\/{rel}","templated":true}]}}