{"id":153711,"date":"2025-11-16T12:58:35","date_gmt":"2025-11-16T12:58:35","guid":{"rendered":"https:\/\/www.europesays.com\/pt\/153711\/"},"modified":"2025-11-16T12:58:35","modified_gmt":"2025-11-16T12:58:35","slug":"governo-cria-comando-operacional-dos-bombeiros-na-nova-organica-da-protecao-civil-xxv-governo-constitucional","status":"publish","type":"post","link":"https:\/\/www.europesays.com\/pt\/153711\/","title":{"rendered":"Governo cria comando operacional dos bombeiros na nova org\u00e2nica da Prote\u00e7\u00e3o Civil &#8211; XXV Governo Constitucional"},"content":{"rendered":"<ol>\n<li><a href=\"https:\/\/news.google.com\/rss\/articles\/CBMi1gFBVV95cUxQRkpGWEJic0NMeGtlTVhCZ0w4TGpWUE9RckhBeF9TWDVfOHgzZUIyZE5WUjhqR2FGWm5JNWxqMUJuUUprN1lkcmF1Y0hxd0RPT1lkQkY1SVhkN2o1Y2JLaU5DNDRyTnh4TW9RS2RwVVMtY09mOVc4Y0wxOXRLX2tXYXowN0oxU0E4VGs1d3BNLW0xeUNma1N1SUxUQTEyRzRpYWMxYVdMNERuMVdYUk9DVE5YLWZQcjBXRlZUakZZOC1vOGxKWHN6Rm1VNmdHc2JuNHJ3OWpn?oc=5\" target=\"_blank\" rel=\"nofollow noopener\">Governo cria comando operacional dos bombeiros na nova org\u00e2nica da Prote\u00e7\u00e3o Civil<\/a>&nbsp;&nbsp;XXV Governo Constitucional<\/li>\n<li><a href=\"https:\/\/news.google.com\/rss\/articles\/CBMiqAFBVV95cUxNX0d6VW1aMDNzbFRZYlV3bS1KNEQ1ZC1WTjZFbEpNOFlmMkt2Q0NWM2ZkU0NBdHRtYjhhWkZyS2wxNklCVS1CcFJvSzQwTkwydlMtQ2t6cy1Za1FZaGhIenNORzhTRjBjRVMwNVdPaU5rRzQzQW9NQktDYWxZOUhUY09aZ0drc1VyZzlhNEg2MXVIYm95RHd6a2xuc0VMNVY0ZjJmdkxPWVk?oc=5\" target=\"_blank\" rel=\"nofollow noopener\">Bombeiros decidem avan\u00e7ar com protestos devido &#8220;\u00e0 aus\u00eancia de respostas&#8221; do Governo<\/a>&nbsp;&nbsp;Di\u00e1rio de Not\u00edcias<\/li>\n<li><a href=\"https:\/\/news.google.com\/rss\/articles\/CBMisgFBVV95cUxQblM1SnVrLVZTMUxlbkNXUHlLZzJHXzlteXY0d1VUOFZrUWNUUmlWSXhod0hia3A4Tmh4TFpZeWUwUWRNQmxLWndncHh5RGxSZmxwMVhzSkFHOXg2dDdGMzVYR1lMTGlDODFpY2NPWEs2T1RBRU5QWTNtVUxvQVRORTB2YWpNbE1SR2haWnBJRTZuRFdBYTA2LW5QZk83MHB0NEwzT2FiQ0J5NHVCSnBZNk13?oc=5\" target=\"_blank\" rel=\"nofollow noopener\">Ant\u00f3nio Nunes reconduzido na dire\u00e7\u00e3o da Liga dos Bombeiros Portugueses<\/a>&nbsp;&nbsp;RTP<\/li>\n<li><a href=\"https:\/\/news.google.com\/rss\/articles\/CBMisgFBVV95cUxPTFNEbFluTGlvZUJUUkJuWjRHcGk0VkVQUWRVdFUxWHg3LUw4LTJwUEdISXpQSWlsQVY2MllucDVvaXRmYVNpWEwtdkJtVklpYTJTNjVmN3dGR0RaS3hSTHpoY1lpUW5za2Q3NWlmNndpYVkzMUhjUTdDOWZUNFdjZnh2R1VvTnkxc3daYVVHUU80amJ3X3hyYWtZNHVMYnRuRVBlQ3ZhYXFMMUtVdDlNS1F3?oc=5\" target=\"_blank\" rel=\"nofollow noopener\">Liga dos bombeiros come\u00e7a congresso nacional em &#8220;momento de grande insatisfa\u00e7\u00e3o&#8221;<\/a>&nbsp;&nbsp;Observador<\/li>\n<li><a href=\"https:\/\/news.google.com\/rss\/articles\/CBMijgJBVV95cUxNZHhZRjVJeHM0Yi1pdnlkbXJLZ3dvOUNRMGFRQm1NeTVVVjduMXdaTEFsb1BGanVxX2RQSDA5b01aQmp5b2NGWEQ2c2Q3UDFzY0VEbHlub0lTNFZBQUpPaWx2Z2FGVVo0aHNlR19YMkQ0Rll5M3JvU3lmQ3lFeTRtdTBHdlJQaUZnZUdCMWI3bXhjTmZfNTRMVzM0akNIWGN3Q25nazJfQXd1TjVHMWFGRG9DcWEwUEhpX3J4dG9qTkFUc3ZHYllDY0VWaTdCeHVOU1l0QzJlekNBakZqVGZSSWxHSWNKN3RSdTR4al9DR3FMcElKVmxfaEhkZzJ4SzhlMzlvUFdGejNwTHVkSVE?oc=5\" target=\"_blank\" rel=\"nofollow noopener\">PM anuncia mais meios para combate a inc\u00eandios e comando operacional na reorganiza\u00e7\u00e3o da Prote\u00e7\u00e3o Civil<\/a>&nbsp;&nbsp;SIC Not\u00edcias<\/li>\n<\/ol>\n","protected":false},"excerpt":{"rendered":"Governo cria comando operacional dos bombeiros na nova org\u00e2nica da Prote\u00e7\u00e3o Civil&nbsp;&nbsp;XXV Governo Constitucional Bombeiros decidem avan\u00e7ar com&hellip;\n","protected":false},"author":2,"featured_media":11396,"comment_status":"","ping_status":"","sticky":false,"template":"","format":"standard","meta":{"footnotes":""},"categories":[8],"tags":[4846,4847,4848,27,28,15,16,14,25,26,21,22,12,13,19,20,32,23,24,33,17,18,29,30,31,4845],"class_list":{"0":"post-153711","1":"post","2":"type-post","3":"status-publish","4":"format-standard","5":"has-post-thumbnail","7":"category-principais-noticias","8":"tag-governodeportugal","9":"tag-republicaportuguesa","10":"tag-xxvgovernoconstitucional","11":"tag-breaking-news","12":"tag-breakingnews","13":"tag-featured-news","14":"tag-featurednews","15":"tag-headlines","16":"tag-latest-news","17":"tag-latestnews","18":"tag-main-news","19":"tag-mainnews","20":"tag-news","21":"tag-noticias","22":"tag-noticias-principais","23":"tag-noticiasprincipais","24":"tag-portugal","25":"tag-principais-noticias","26":"tag-principaisnoticias","27":"tag-pt","28":"tag-top-stories","29":"tag-topstories","30":"tag-ultimas","31":"tag-ultimas-noticias","32":"tag-ultimasnoticias","33":"tag-xxvgoverno"},"share_on_mastodon":{"url":"","error":"Validation failed: Text character limit of 500 exceeded"},"_links":{"self":[{"href":"https:\/\/www.europesays.com\/pt\/wp-json\/wp\/v2\/posts\/153711","targetHints":{"allow":["GET"]}}],"collection":[{"href":"https:\/\/www.europesays.com\/pt\/wp-json\/wp\/v2\/posts"}],"about":[{"href":"https:\/\/www.europesays.com\/pt\/wp-json\/wp\/v2\/types\/post"}],"author":[{"embeddable":true,"href":"https:\/\/www.europesays.com\/pt\/wp-json\/wp\/v2\/users\/2"}],"replies":[{"embeddable":true,"href":"https:\/\/www.europesays.com\/pt\/wp-json\/wp\/v2\/comments?post=153711"}],"version-history":[{"count":0,"href":"https:\/\/www.europesays.com\/pt\/wp-json\/wp\/v2\/posts\/153711\/revisions"}],"wp:featuredmedia":[{"embeddable":true,"href":"https:\/\/www.europesays.com\/pt\/wp-json\/wp\/v2\/media\/11396"}],"wp:attachment":[{"href":"https:\/\/www.europesays.com\/pt\/wp-json\/wp\/v2\/media?parent=153711"}],"wp:term":[{"taxonomy":"category","embeddable":true,"href":"https:\/\/www.europesays.com\/pt\/wp-json\/wp\/v2\/categories?post=153711"},{"taxonomy":"post_tag","embeddable":true,"href":"https:\/\/www.europesays.com\/pt\/wp-json\/wp\/v2\/tags?post=153711"}],"curies":[{"name":"wp","href":"https:\/\/api.w.org\/{rel}","templated":true}]}}