{"id":153712,"date":"2025-11-16T12:59:29","date_gmt":"2025-11-16T12:59:29","guid":{"rendered":"https:\/\/www.europesays.com\/pt\/153712\/"},"modified":"2025-11-16T12:59:29","modified_gmt":"2025-11-16T12:59:29","slug":"em-entrevista-deborah-evelyn-fala-da-relacao-com-a-tia-e-madrinha-renata-sorrah-e-resgata-foto-de-seu-batizado-me-abriu-portas","status":"publish","type":"post","link":"https:\/\/www.europesays.com\/pt\/153712\/","title":{"rendered":"Em entrevista, Deborah Evelyn fala da rela\u00e7\u00e3o com a tia e madrinha Renata Sorrah e resgata foto de seu batizado: \u2018Me abriu portas\u2019"},"content":{"rendered":"\n<p class=\" content-text__container theme-color-primary-first-letter\" data-track-category=\"Link no Texto\" data-track-links=\"\"> Uma das maiores influ\u00eancias de <a class=\"\" href=\"https:\/\/oglobo.globo.com\/tudo-sobre\/personalidade\/deborah-evelyn\" rel=\"nofollow noopener\" target=\"_blank\">Deborah Evelyn<\/a> para se tornar atriz foi a tia e madrinha <a class=\"\" href=\"https:\/\/oglobo.globo.com\/tudo-sobre\/personalidade\/renata-sorrah\" rel=\"nofollow noopener\" target=\"_blank\">Renata Sorrah<\/a>. A atriz conta como a proximidade entre as duas a ajudou no in\u00edcio da carreira: <\/p>\n<ul class=\"content-unordered-list\">\n<li><strong>Entrevista:<\/strong><a class=\"\" href=\"https:\/\/oglobo.globo.com\/play\/entrevistas\/noticia\/2025\/11\/14\/felipe-simas-fala-de-dona-de-mim-do-desafio-de-interpretar-daniel-cravinhos-em-tremembe-e-do-filme-em-que-vivera-o-locutor-asa-branca.ghtml\" rel=\"nofollow noopener\" target=\"_blank\"><strong> <\/strong>Felipe Simas fala da rea\u00e7\u00e3o dos irm\u00e3os ao se tornar evang\u00e9lico: &#8216;Apavorados&#8217;<\/a><\/li>\n<li><strong>E mais: <\/strong><a class=\"\" href=\"https:\/\/oglobo.globo.com\/play\/entrevistas\/noticia\/2025\/10\/31\/caio-blat-fala-da-peca-os-irmaos-karamazov-do-primeiro-projeto-com-ricardo-blat-seu-primo-e-de-serie-em-portugal.ghtml\" rel=\"nofollow noopener\" target=\"_blank\">Caio Blat fala da venda de mans\u00e3o no Rio e diz viver namoro discreto ap\u00f3s v\u00e1rios relacionamentos com famosas: &#8216;Novidade para mim&#8217;<\/a><\/li>\n<\/ul>\n<p class=\" content-text__container \" data-track-category=\"Link no Texto\" data-track-links=\"\"> \u2014 Isso me abriu as portas, n\u00e3o no sentido do trabalho em si, mas para a arte, para o universo da coxia. Uma das mem\u00f3rias mais antigas que tenho \u00e9 de quando eu era pequena, com menos de dez anos, e a via atuando em \u201cVagas para mo\u00e7as de fino trato\u201d, ao lado de Yon\u00e1 Magalh\u00e3es e <a class=\"\" href=\"https:\/\/oglobo.globo.com\/tudo-sobre\/personalidade\/gloria-menezes\" rel=\"nofollow noopener\" target=\"_blank\">Gl\u00f3ria Menezes<\/a>. Eu assistia a tudo dos bastidores \u2014 contou Deborah em entrevista a <a class=\"\" href=\"https:\/\/oglobo.globo.com\/tudo-sobre\/personalidade\/pedro-bial\" rel=\"nofollow noopener\" target=\"_blank\">Pedro Bial<\/a>, no &#8220;<a class=\"\" href=\"https:\/\/oglobo.globo.com\/tudo-sobre\/programa-de-tv\/conversa-com-bial\" rel=\"nofollow noopener\" target=\"_blank\">Conversa com Bial<\/a>&#8220;. <\/p>\n<ul class=\"content-unordered-list\">\n<li><strong>TV e famosos:<\/strong><a class=\"\" href=\"https:\/\/www.whatsapp.com\/channel\/0029Va3JQfiDTkJwvhCFGq1r\" target=\"_blank\" rel=\"nofollow noopener\"><strong> <\/strong>se inscreva no canal da coluna Play no WhatsApp<\/a><\/li>\n<\/ul>\n<p class=\" content-text__container \" data-track-category=\"Link no Texto\" data-track-links=\"\"> Durante a entrevista, foi resgatada uma foto do batizado de Deborah, em que Renata a aparece segurando no colo. A atriz tamb\u00e9m falou sobre a sua rela\u00e7\u00e3o pessoal com tia: <\/p>\n<p class=\" content-text__container \" data-track-category=\"Link no Texto\" data-track-links=\"\"> \u2014 Ela \u00e9 incr\u00edvel como pessoa e como tia. Tem muita energia, \u00e9 uma pessoa muito amorosa. Mesmo eu morando em S\u00e3o Paulo e ela no Rio, sempre fomos muito pr\u00f3ximas. A Renata \u00e9 algu\u00e9m que admiro profundamente, n\u00e3o s\u00f3 como minha tia, mas tamb\u00e9m como profissional. <\/p>\n<p>    Confira famosos que s\u00e3o parentes           <img decoding=\"async\" id=\"image-id-tumb-11e20ac7-337d-4239-9dbe-c9f54cab5042\" alt=\"Duda Santos descobriu que Jo\u00e3o Pedro Martins \u00e9 seu irm\u00e3o  \u2014 Foto: Reprodu\u00e7\u00e3o\/Instagram\" src=\"https:\/\/www.europesays.com\/pt\/wp-content\/uploads\/2025\/11\/1748893136968784.jpg\" loading=\"lazy\" height=\"591\" width=\"1021\" data-posicao=\"1\" role=\"button\" tabindex=\"0\"\/>    <img decoding=\"async\" id=\"image-id-11e20ac7-337d-4239-9dbe-c9f54cab5042\" class=\"gallery-photo\" alt=\"Duda Santos descobriu que Jo\u00e3o Pedro Martins \u00e9 seu irm\u00e3o  \u2014 Foto: Reprodu\u00e7\u00e3o\/Instagram\" src=\"https:\/\/www.europesays.com\/pt\/wp-content\/uploads\/2025\/11\/1763297954_322_1748893136968784.jpg\" loading=\"lazy\" height=\"591\" width=\"1021\"\/>  <\/p>\n<p> 1 de 15 <br \/>&#13;Duda Santos descobriu que Jo\u00e3o Pedro Martins \u00e9 seu irm\u00e3o \u2014 Foto: Reprodu\u00e7\u00e3o\/Instagram <\/p>\n<p>     <img decoding=\"async\" id=\"image-id-tumb-4fae306b-7861-4347-9e50-85c0254df73c\" alt=\"Giovanna Lancellotti \u00e9 cunhada de Anderson Muller. Ela est\u00e1 noiva de Gabriel David, irm\u00e3o do ator \u2014 Foto: Reprodu\u00e7\u00e3o\/Instagram\" src=\"https:\/\/www.europesays.com\/pt\/wp-content\/uploads\/2025\/11\/1748891276346376.jpg\" loading=\"lazy\" height=\"591\" width=\"1021\" data-posicao=\"2\" role=\"button\" tabindex=\"0\"\/>    <img decoding=\"async\" id=\"image-id-4fae306b-7861-4347-9e50-85c0254df73c\" class=\"gallery-photo\" alt=\"Giovanna Lancellotti \u00e9 cunhada de Anderson Muller. Ela est\u00e1 noiva de Gabriel David, irm\u00e3o do ator \u2014 Foto: Reprodu\u00e7\u00e3o\/Instagram\" src=\"https:\/\/www.europesays.com\/pt\/wp-content\/uploads\/2025\/11\/1763297956_931_1748891276346376.jpg\" loading=\"lazy\" height=\"591\" width=\"1021\"\/>  <\/p>\n<p> 2 de 15 <br \/>&#13;Giovanna Lancellotti \u00e9 cunhada de Anderson Muller. Ela est\u00e1 noiva de Gabriel David, irm\u00e3o do ator \u2014 Foto: Reprodu\u00e7\u00e3o\/Instagram <\/p>\n<p>     Pular    <\/p>\n<p> X de 15 <br \/>Publicidade <\/p>\n<p>      <img decoding=\"async\" id=\"image-id-tumb-661df029-4e60-472d-9634-56f891403c20\" alt=\"Otavio Muller \u00e9 primo de segundo grau de Cazuza. O ator foi casado com Preta Gil, com quem tem um filho, Francisco. Depois, ele se casou com Adriana Junqueira, m\u00e3e de R\u00f4mulo Arantes Neto. Os dois s\u00e3o pais de duas adolescentes \u2014 Foto: Divulga\u00e7\u00e3o\/Globo\" src=\"https:\/\/www.europesays.com\/pt\/wp-content\/uploads\/2025\/11\/1748892114825564.jpg\" loading=\"lazy\" height=\"591\" width=\"1021\" data-posicao=\"3\" role=\"button\" tabindex=\"0\"\/>    <img decoding=\"async\" id=\"image-id-661df029-4e60-472d-9634-56f891403c20\" class=\"gallery-photo\" alt=\"Otavio Muller \u00e9 primo de segundo grau de Cazuza. O ator foi casado com Preta Gil, com quem tem um filho, Francisco. Depois, ele se casou com Adriana Junqueira, m\u00e3e de R\u00f4mulo Arantes Neto. Os dois s\u00e3o pais de duas adolescentes \u2014 Foto: Divulga\u00e7\u00e3o\/Globo\" src=\"https:\/\/www.europesays.com\/pt\/wp-content\/uploads\/2025\/11\/1763297958_70_1748892114825564.jpg\" loading=\"lazy\" height=\"591\" width=\"1021\"\/>  <\/p>\n<p> 3 de 15 <br \/>&#13;Otavio Muller \u00e9 primo de segundo grau de Cazuza. O ator foi casado com Preta Gil, com quem tem um filho, Francisco. Depois, ele se casou com Adriana Junqueira, m\u00e3e de R\u00f4mulo Arantes Neto. Os dois s\u00e3o pais de duas adolescentes \u2014 Foto: Divulga\u00e7\u00e3o\/Globo <\/p>\n<p>      <img decoding=\"async\" id=\"image-id-c75240de-e352-44a9-bb1e-72794c6e65a8\" class=\"gallery-photo\" alt=\"Deborah Evelyn \u00e9 sobrinha e afilhada de Renata Sorrah. As duas j\u00e1 contracenaram juntas em &quot;P\u00e1ginas da vida&quot; e &quot;Um anjo caiu do c\u00e9u&quot; \u2014 Foto: Marcos Ramos\" src=\"https:\/\/www.europesays.com\/pt\/wp-content\/uploads\/2025\/11\/64578815-gg-segundo-caderno-rio-de-janeiro-26-01-2017-agencia-globo-estreia-da-peca-fluxograma.jpg\" loading=\"lazy\" height=\"3284\" width=\"2471\"\/>  <\/p>\n<p> 4 de 15 <br \/>&#13;Deborah Evelyn \u00e9 sobrinha e afilhada de Renata Sorrah. As duas j\u00e1 contracenaram juntas em &#8220;P\u00e1ginas da vida&#8221; e &#8220;Um anjo caiu do c\u00e9u&#8221; \u2014 Foto: Marcos Ramos <\/p>\n<p>     Pular    <\/p>\n<p> X de 15 <br \/>Publicidade <\/p>\n<p>      <img decoding=\"async\" id=\"image-id-141730d3-7b21-4bfa-beaa-d0d68b36a240\" class=\"gallery-photo\" alt=\"Marcelo Faria e Ingrid Guimar\u00e3es s\u00e3o primos e pr\u00f3ximos desde a inf\u00e2ncia \u2014 Foto: Reprodu\u00e7\u00e3o\/Instagram\" src=\"https:\/\/www.europesays.com\/pt\/wp-content\/uploads\/2025\/11\/whatsapp-image-2025-06-02-at-16.28.14.jpeg\" loading=\"lazy\" height=\"1230\" width=\"984\"\/>  <\/p>\n<p> 5 de 15 <br \/>&#13;Marcelo Faria e Ingrid Guimar\u00e3es s\u00e3o primos e pr\u00f3ximos desde a inf\u00e2ncia \u2014 Foto: Reprodu\u00e7\u00e3o\/Instagram <\/p>\n<p>      <img decoding=\"async\" id=\"image-id-74a10204-6063-4728-8bfc-9686091c46b2\" class=\"gallery-photo\" alt=\"Bruno Mazzeo e Marcos Palmeira s\u00e3o primos em primeiro grau. Palmeira \u00e9 filho do cineasta Zelito Viana, irm\u00e3o de Chico Anysio, pai de Mazzeo \u2014 Foto: Gianne Carvalho\" src=\"https:\/\/www.europesays.com\/pt\/wp-content\/uploads\/2025\/11\/marcos-palmeiras-e-bruno-mazzeo-f9b22756-4f96-4324-9eab-e9321e717a40.jpg.webp.jpeg\" loading=\"lazy\" height=\"718\" width=\"1200\"\/>  <\/p>\n<p> 6 de 15 <br \/>&#13;Bruno Mazzeo e Marcos Palmeira s\u00e3o primos em primeiro grau. Palmeira \u00e9 filho do cineasta Zelito Viana, irm\u00e3o de Chico Anysio, pai de Mazzeo \u2014 Foto: Gianne Carvalho <\/p>\n<p>     Pular    <\/p>\n<p> X de 15 <br \/>Publicidade <\/p>\n<p>      <img decoding=\"async\" id=\"image-id-4cd50bfe-3550-484e-acbc-5f4773c1b16b\" class=\"gallery-photo\" alt=\"Mariana Ximenes \u00e9 prima de L\u00edvian Arag\u00e3o \u2014 Foto: Reprodu\u00e7\u00e3o\/Instagram\" src=\"https:\/\/www.europesays.com\/pt\/wp-content\/uploads\/2025\/11\/capturar.jpg\" loading=\"lazy\" height=\"538\" width=\"463\"\/>  <\/p>\n<p> 7 de 15 <br \/>&#13;Mariana Ximenes \u00e9 prima de L\u00edvian Arag\u00e3o \u2014 Foto: Reprodu\u00e7\u00e3o\/Instagram <\/p>\n<p>      <img decoding=\"async\" id=\"image-id-de481de6-6606-4d94-aae6-9f752d7d78f1\" class=\"gallery-photo\" alt=\"A atriz Maria Bopp \u00e9 sobrinha-neta de Jos\u00e9 de Abreu \u2014 Foto: Reprodu\u00e7\u00e3o\/Instagram\" src=\"https:\/\/www.europesays.com\/pt\/wp-content\/uploads\/2025\/11\/whatsapp-image-2023-11-17-at-13.04.45.jpeg\" loading=\"lazy\" height=\"1200\" width=\"1600\"\/>  <\/p>\n<p> 8 de 15 <br \/>&#13;A atriz Maria Bopp \u00e9 sobrinha-neta de Jos\u00e9 de Abreu \u2014 Foto: Reprodu\u00e7\u00e3o\/Instagram <\/p>\n<p>     Pular    <\/p>\n<p> X de 15 <br \/>Publicidade <\/p>\n<p>      <img decoding=\"async\" id=\"image-id-f20f11ef-56d1-48b9-b36a-eadf9665abb6\" class=\"gallery-photo\" alt=\"William Bonner e o ator Hugo Bonemer s\u00e3o primos \u2014 Foto: Reprodu\u00e7\u00e3o\/Instagram\" src=\"https:\/\/www.europesays.com\/pt\/wp-content\/uploads\/2025\/11\/whatsapp-image-2023-11-17-at-10.23.02.jpeg\" loading=\"lazy\" height=\"802\" width=\"1000\"\/>  <\/p>\n<p> 9 de 15 <br \/>&#13;William Bonner e o ator Hugo Bonemer s\u00e3o primos \u2014 Foto: Reprodu\u00e7\u00e3o\/Instagram <\/p>\n<p>      <img decoding=\"async\" id=\"image-id-df993d74-9b02-49c4-8407-fc6792f37626\" class=\"gallery-photo\" alt=\"A atriz Mel Lisboa e o comediante Rafinha Bastos s\u00e3o primos \u2014 Foto: Reprodu\u00e7\u00e3o\/Band\" src=\"https:\/\/www.europesays.com\/pt\/wp-content\/uploads\/2025\/11\/whatsapp-image-2023-11-17-at-12.48.02.jpeg\" loading=\"lazy\" height=\"451\" width=\"580\"\/>  <\/p>\n<p> 10 de 15 <br \/>&#13;A atriz Mel Lisboa e o comediante Rafinha Bastos s\u00e3o primos \u2014 Foto: Reprodu\u00e7\u00e3o\/Band <\/p>\n<p>     Pular    <\/p>\n<p> X de 15 <br \/>Publicidade <\/p>\n<p>      <img decoding=\"async\" id=\"image-id-c1ac8520-4e82-43ae-b6f5-ae84201e866c\" class=\"gallery-photo\" alt=\"Claudia Ohana \u00e9 meia-irm\u00e3 do autor de novelas Jo\u00e3o Emanuel Carneiro. Os dois s\u00e3o filhos do artista pl\u00e1stico Arthur Jos\u00e9 Carneiro \u2014 Foto: Reprodu\u00e7\u00e3o\/Instagram\" src=\"https:\/\/www.europesays.com\/pt\/wp-content\/uploads\/2025\/11\/whatsapp-image-2023-11-17-at-09.49.22.jpeg\" loading=\"lazy\" height=\"560\" width=\"1000\"\/>  <\/p>\n<p> 11 de 15 <br \/>&#13;Claudia Ohana \u00e9 meia-irm\u00e3 do autor de novelas Jo\u00e3o Emanuel Carneiro. Os dois s\u00e3o filhos do artista pl\u00e1stico Arthur Jos\u00e9 Carneiro \u2014 Foto: Reprodu\u00e7\u00e3o\/Instagram <\/p>\n<p>      <img decoding=\"async\" id=\"image-id-41281178-837a-4439-b9c9-4b16093dd762\" class=\"gallery-photo\" alt=\"Renata Ceribelli \u00e9 prima em primeiro grau do apresentador Amaury Jr. A m\u00e3e dele, Cl\u00e9lia Ceribelli, \u00e9 irm\u00e3 do pai dela \u2014 Foto: Reprodu\u00e7\u00e3o\/Instagram\" src=\"https:\/\/www.europesays.com\/pt\/wp-content\/uploads\/2025\/11\/whatsapp-image-2023-11-17-at-09.21.10.jpeg\" loading=\"lazy\" height=\"1200\" width=\"1600\"\/>  <\/p>\n<p> 12 de 15 <br \/>&#13;Renata Ceribelli \u00e9 prima em primeiro grau do apresentador Amaury Jr. A m\u00e3e dele, Cl\u00e9lia Ceribelli, \u00e9 irm\u00e3 do pai dela \u2014 Foto: Reprodu\u00e7\u00e3o\/Instagram <\/p>\n<p>     Pular    <\/p>\n<p> X de 15 <br \/>Publicidade <\/p>\n<p>      <img decoding=\"async\" id=\"image-id-071a29c3-c938-4c49-9526-d8dfe022c664\" class=\"gallery-photo\" alt=\"As atrizes Claudia Mauro e Giovanna Antonelli s\u00e3o primas. Elas trabalharam juntas pela primeira vez na novela &quot;Travessia&quot; \u2014 Foto: Reprodu\u00e7\u00e3o\/Instagram\" src=\"https:\/\/www.europesays.com\/pt\/wp-content\/uploads\/2025\/11\/whatsapp-image-2023-11-17-at-10.20.26.jpeg\" loading=\"lazy\" height=\"1142\" width=\"1000\"\/>  <\/p>\n<p> 13 de 15 <br \/>&#13;As atrizes Claudia Mauro e Giovanna Antonelli s\u00e3o primas. Elas trabalharam juntas pela primeira vez na novela &#8220;Travessia&#8221; \u2014 Foto: Reprodu\u00e7\u00e3o\/Instagram <\/p>\n<p>      <img decoding=\"async\" id=\"image-id-59b7b540-3d6f-4a5c-8537-d7aad9cf69c8\" class=\"gallery-photo\" alt=\"Luiza Possi tem um parentesco com Patr\u00edcia Pillar. A atriz \u00e9 prima de L\u00edber, pai da cantora \u2014 Foto: Reprodu\u00e7\u00e3o\/Instagram\" src=\"https:\/\/www.europesays.com\/pt\/wp-content\/uploads\/2025\/11\/174889359021392.jpg\" loading=\"lazy\" height=\"591\" width=\"1021\"\/>  <\/p>\n<p> 14 de 15 <br \/>&#13;Luiza Possi tem um parentesco com Patr\u00edcia Pillar. A atriz \u00e9 prima de L\u00edber, pai da cantora \u2014 Foto: Reprodu\u00e7\u00e3o\/Instagram <\/p>\n<p>     Pular    <\/p>\n<p> X de 15 <br \/>Publicidade <\/p>\n<p>      <img decoding=\"async\" id=\"image-id-ece978b3-dfe4-43bb-8a6c-faea47523f1f\" class=\"gallery-photo\" alt=\"O Dr. Drauzio Varella \u00e9 padrasto de Gabriel Braga Nunes. O m\u00e9dico \u00e9 casado h\u00e1 mais de 40 anos com a atriz Regina Braga. Quando os dois se conheceram, em 1981, Gabriel tinha apenas oito anos. \u2014 Foto: Reprodu\u00e7\u00e3o\/Instagram\" src=\"https:\/\/www.europesays.com\/pt\/wp-content\/uploads\/2025\/11\/whatsapp-image-2023-11-17-at-12.45.10.jpeg\" loading=\"lazy\" height=\"1200\" width=\"1600\"\/>  <\/p>\n<p> 15 de 15 <br \/>&#13;O Dr. Drauzio Varella \u00e9 padrasto de Gabriel Braga Nunes. O m\u00e9dico \u00e9 casado h\u00e1 mais de 40 anos com a atriz Regina Braga. Quando os dois se conheceram, em 1981, Gabriel tinha apenas oito anos. \u2014 Foto: Reprodu\u00e7\u00e3o\/Instagram <\/p>\n<p>.<\/p>\n","protected":false},"excerpt":{"rendered":"Uma das maiores influ\u00eancias de Deborah Evelyn para se tornar atriz foi a tia e madrinha Renata Sorrah.&hellip;\n","protected":false},"author":2,"featured_media":153713,"comment_status":"","ping_status":"","sticky":false,"template":"","format":"standard","meta":{"footnotes":""},"categories":[145],"tags":[211,210,23322,33124,114,115,28336,9987,32,33,25699,679],"class_list":{"0":"post-153712","1":"post","2":"type-post","3":"status-publish","4":"format-standard","5":"has-post-thumbnail","7":"category-celebridades","8":"tag-celebridades","9":"tag-celebrities","10":"tag-conversa-com-bial","11":"tag-deborah-evelyn","12":"tag-entertainment","13":"tag-entretenimento","14":"tag-gloria-menezes","15":"tag-pedro-bial","16":"tag-portugal","17":"tag-pt","18":"tag-renata-sorrah","19":"tag-reportagem"},"share_on_mastodon":{"url":"https:\/\/pubeurope.com\/@pt\/115559506791997082","error":""},"_links":{"self":[{"href":"https:\/\/www.europesays.com\/pt\/wp-json\/wp\/v2\/posts\/153712","targetHints":{"allow":["GET"]}}],"collection":[{"href":"https:\/\/www.europesays.com\/pt\/wp-json\/wp\/v2\/posts"}],"about":[{"href":"https:\/\/www.europesays.com\/pt\/wp-json\/wp\/v2\/types\/post"}],"author":[{"embeddable":true,"href":"https:\/\/www.europesays.com\/pt\/wp-json\/wp\/v2\/users\/2"}],"replies":[{"embeddable":true,"href":"https:\/\/www.europesays.com\/pt\/wp-json\/wp\/v2\/comments?post=153712"}],"version-history":[{"count":0,"href":"https:\/\/www.europesays.com\/pt\/wp-json\/wp\/v2\/posts\/153712\/revisions"}],"wp:featuredmedia":[{"embeddable":true,"href":"https:\/\/www.europesays.com\/pt\/wp-json\/wp\/v2\/media\/153713"}],"wp:attachment":[{"href":"https:\/\/www.europesays.com\/pt\/wp-json\/wp\/v2\/media?parent=153712"}],"wp:term":[{"taxonomy":"category","embeddable":true,"href":"https:\/\/www.europesays.com\/pt\/wp-json\/wp\/v2\/categories?post=153712"},{"taxonomy":"post_tag","embeddable":true,"href":"https:\/\/www.europesays.com\/pt\/wp-json\/wp\/v2\/tags?post=153712"}],"curies":[{"name":"wp","href":"https:\/\/api.w.org\/{rel}","templated":true}]}}