{"id":153720,"date":"2025-11-16T13:08:12","date_gmt":"2025-11-16T13:08:12","guid":{"rendered":"https:\/\/www.europesays.com\/pt\/153720\/"},"modified":"2025-11-16T13:08:12","modified_gmt":"2025-11-16T13:08:12","slug":"pge-se-abre-estagio-nas-areas-de-tecnologia-e-secretariado-executivo","status":"publish","type":"post","link":"https:\/\/www.europesays.com\/pt\/153720\/","title":{"rendered":"PGE\/SE abre est\u00e1gio nas \u00e1reas de tecnologia e secretariado executivo"},"content":{"rendered":"<p>\t\t\t\t\t\t\t\t\t\t<a href=\"https:\/\/www.europesays.com\/pt\/wp-content\/uploads\/2025\/11\/vagaestagiopge_131125.jpg\"><img loading=\"lazy\" decoding=\"async\" class=\"size-full wp-image-611796\" src=\"https:\/\/www.europesays.com\/pt\/wp-content\/uploads\/2025\/11\/vagaestagiopge_131125.jpg\" alt=\"\" width=\"800\" height=\"480\"  \/><\/a>(Foto: Ascom PGE)<\/p>\n<p>A Procuradoria-Geral do Estado (PGE-SE) est\u00e1 com vagas abertas para est\u00e1gio obrigat\u00f3rio ou n\u00e3o obrigat\u00f3rio na Coordenadoria de Inform\u00e1tica (Codin). As inscri\u00e7\u00f5es s\u00e3o destinadas a estudantes dos cursos de Secretariado Executivo, Administra\u00e7\u00e3o, Ci\u00eancia da Computa\u00e7\u00e3o, Engenharia de Software e \u00e1reas afins, matriculados a partir do 4\u00ba per\u00edodo.<\/p>\n<p>Os selecionados cumprir\u00e3o uma carga hor\u00e1ria de 20 horas semanais, no turno da manh\u00e3, em modalidade presencial. As vagas para Assessoria Executiva e Infraestrutura e Suporte contar\u00e3o com bolsa mensal de R$ 724,00 e aux\u00edlio-transporte de R$ 130,00. J\u00e1 a vaga para Desenvolvedor Front-End oferece bolsa de R$ 600,00, com acr\u00e9scimo de R$9,00 por dia \u00fatil de trabalho referente ao aux\u00edlio-transporte.<\/p>\n<p>As inscri\u00e7\u00f5es devem ser realizadas at\u00e9 o dia 19 de novembro, por meio do formul\u00e1rio dispon\u00edvel em <a href=\"http:\/\/pge.se.gov.br\" rel=\"nofollow noopener\" target=\"_blank\">pge.se.gov.br<\/a>.<\/p>\n<p><strong>Pr\u00e9-requisitos e atividades desenvolvidas<\/strong><\/p>\n<p>O estagi\u00e1rio selecionado para a \u00e1rea de Assessoria Executiva ser\u00e1 respons\u00e1vel por servi\u00e7os gerais de escrit\u00f3rio, como a prepara\u00e7\u00e3o de relat\u00f3rios e planilhas; gerenciar documentos internos, entre outros. Os atributos buscados s\u00e3o dom\u00ednio do pacote office, ingl\u00eas intermedi\u00e1rio, al\u00e9m de conhecimento de ferramentas de gest\u00e3o e Lei Geral de Prote\u00e7\u00e3o de Dados Pessoais (LGPD).<\/p>\n<p>Na \u00e1rea de Infraestrutura e Suporte, o estagi\u00e1rio realizar\u00e1 manuten\u00e7\u00f5es preventivas, em n\u00edvel de hardware e software; auxiliar\u00e1 na cria\u00e7\u00e3o de solu\u00e7\u00f5es de software implantadas na institui\u00e7\u00e3o, entre outros. \u00c9 necess\u00e1rio um conhecimento b\u00e1sico de infraestrutura, redes de computadores, m\u00e1quinas computacionais e ingl\u00eas t\u00e9cnico.<\/p>\n<p>J\u00e1 o selecionado para a \u00e1rea de Desenvolvimento Front-End trabalhar\u00e1 na cria\u00e7\u00e3o e manuten\u00e7\u00e3o de interfaces web. S\u00e3o desej\u00e1veis conhecimentos em desenvolvimento front-end com framework, layouts responsivos com CSS nativo, requisi\u00e7\u00f5es HTTP e versionamento de c\u00f3digo utilizando GitLab ou GitHub, entre outros.<\/p>\n<p>Em caso de d\u00favidas, os interessados podem entrar em contato atrav\u00e9s do email: tecnologia@pge.se.gov.br.<\/p>\n<p>\u00a0<\/p>\n<p>Fonte: ASN<\/p>\n","protected":false},"excerpt":{"rendered":"(Foto: Ascom PGE) A Procuradoria-Geral do Estado (PGE-SE) est\u00e1 com vagas abertas para est\u00e1gio obrigat\u00f3rio ou n\u00e3o obrigat\u00f3rio&hellip;\n","protected":false},"author":2,"featured_media":153721,"comment_status":"","ping_status":"","sticky":false,"template":"","format":"standard","meta":{"footnotes":""},"categories":[84],"tags":[109,107,108,33125,32,33,105,103,104,7694,106,110,33126],"class_list":{"0":"post-153720","1":"post","2":"type-post","3":"status-publish","4":"format-standard","5":"has-post-thumbnail","7":"category-ciencia-e-tecnologia","8":"tag-ciencia","9":"tag-ciencia-e-tecnologia","10":"tag-cienciaetecnologia","11":"tag-pge","12":"tag-portugal","13":"tag-pt","14":"tag-science","15":"tag-science-and-technology","16":"tag-scienceandtechnology","17":"tag-subdestaque","18":"tag-technology","19":"tag-tecnologia","20":"tag-vagaestagio"},"share_on_mastodon":{"url":"https:\/\/pubeurope.com\/@pt\/115559537626011459","error":""},"_links":{"self":[{"href":"https:\/\/www.europesays.com\/pt\/wp-json\/wp\/v2\/posts\/153720","targetHints":{"allow":["GET"]}}],"collection":[{"href":"https:\/\/www.europesays.com\/pt\/wp-json\/wp\/v2\/posts"}],"about":[{"href":"https:\/\/www.europesays.com\/pt\/wp-json\/wp\/v2\/types\/post"}],"author":[{"embeddable":true,"href":"https:\/\/www.europesays.com\/pt\/wp-json\/wp\/v2\/users\/2"}],"replies":[{"embeddable":true,"href":"https:\/\/www.europesays.com\/pt\/wp-json\/wp\/v2\/comments?post=153720"}],"version-history":[{"count":0,"href":"https:\/\/www.europesays.com\/pt\/wp-json\/wp\/v2\/posts\/153720\/revisions"}],"wp:featuredmedia":[{"embeddable":true,"href":"https:\/\/www.europesays.com\/pt\/wp-json\/wp\/v2\/media\/153721"}],"wp:attachment":[{"href":"https:\/\/www.europesays.com\/pt\/wp-json\/wp\/v2\/media?parent=153720"}],"wp:term":[{"taxonomy":"category","embeddable":true,"href":"https:\/\/www.europesays.com\/pt\/wp-json\/wp\/v2\/categories?post=153720"},{"taxonomy":"post_tag","embeddable":true,"href":"https:\/\/www.europesays.com\/pt\/wp-json\/wp\/v2\/tags?post=153720"}],"curies":[{"name":"wp","href":"https:\/\/api.w.org\/{rel}","templated":true}]}}