{"id":153722,"date":"2025-11-16T13:09:08","date_gmt":"2025-11-16T13:09:08","guid":{"rendered":"https:\/\/www.europesays.com\/pt\/153722\/"},"modified":"2025-11-16T13:09:08","modified_gmt":"2025-11-16T13:09:08","slug":"o-brasil-caminha-para-abandonar-o-petroleo-mas-depende-da-pressao-da-sociedade-entrevista","status":"publish","type":"post","link":"https:\/\/www.europesays.com\/pt\/153722\/","title":{"rendered":"\u201cO Brasil caminha para abandonar o petr\u00f3leo, mas depende da press\u00e3o da sociedade\u201d | Entrevista"},"content":{"rendered":"<p><a href=\"https:\/\/www.publico.pt\/2154727\" rel=\"nofollow noopener\" target=\"_blank\"><strong>Ler tamb\u00e9m: Laura Carvalho: A sida for\u00e7ou uma revolu\u00e7\u00e3o nas patentes. O clima tamb\u00e9m o justifica <\/strong><\/a><\/p>\n<p>A economista brasileira Laura Carvalho reconhece a contradi\u00e7\u00e3o entre a vontade de p\u00f4r o clima no centro da agenda do desenvolvimento e a impossibilidade de abandonar a explora\u00e7\u00e3o de petr\u00f3leo no pa\u00eds que recebe a cimeira do clima este ano (a COP30). &#8220;Est\u00e3o a ser lan\u00e7adas as bases&#8221; para a transi\u00e7\u00e3o ecol\u00f3gica. Mas outros factores falam ainda mais alto.<\/p>\n<p><strong>Gostava de ter a sua percep\u00e7\u00e3o sobre o modelo brasileiro: quer ser um campe\u00e3o clim\u00e1tico, defender a floresta, mas n\u00e3o abandona a explora\u00e7\u00e3o de petr\u00f3leo, <a href=\"https:\/\/www.publico.pt\/2025\/10\/20\/azul\/noticia\/petrobras-recebe-licenca-perfuracao-poco-foz-amazonas-2151515\" rel=\"nofollow noopener\" target=\"_blank\">at\u00e9 na Amaz\u00f3nia<\/a>\u2026<\/strong><br \/>Essa contradi\u00e7\u00e3o n\u00e3o \u00e9 s\u00f3 do Brasil. At\u00e9 os <a href=\"https:\/\/www.publico.pt\/2024\/10\/27\/azul\/noticia\/fim-combustiveis-fosseis-nao-sera-harris-trump-2109496\" rel=\"nofollow noopener\" target=\"_blank\">Estados Unidos, com Joe Biden<\/a>, expandiram muito a explora\u00e7\u00e3o de petr\u00f3leo. Mas, nos pa\u00edses em desenvolvimento, essa contradi\u00e7\u00e3o est\u00e1 exacerbada. T\u00eam restri\u00e7\u00f5es or\u00e7amentais, urg\u00eancias econ\u00f3micas e sociais e, no caso brasileiro, um movimento anti-ambientalista liderado pelo campo do ex-Presidente Jair Bolsonaro.<\/p>\n<p>Um discurso que privilegie apenas clima e ignore demandas socioecon\u00f3micas \u00e9 aproveitado de maneira muito f\u00e1cil pelos opositores e torna ainda mais dif\u00edcil a agenda clim\u00e1tica. Esse \u00e9 o contexto pol\u00edtico em que o Brasil est\u00e1 operando.<\/p>\n<p>Mas a agenda clim\u00e1tica n\u00e3o est\u00e1 restrita ao Minist\u00e9rio do Meio Ambiente. A decis\u00e3o tem sido colocar o clima no centro da agenda econ\u00f3mica. O plano de transforma\u00e7\u00e3o ecol\u00f3gica, liderado pelo Minist\u00e9rio da Fazenda, o plano de pol\u00edtica industrial, o plano de acelera\u00e7\u00e3o do crescimento, o plano de infra-estruturas, todos t\u00eam o clima no centro. Est\u00e1 at\u00e9 na estrat\u00e9gia da Petrobras, que se tem comprometido com investimentos fortes no sector dos biocombust\u00edveis.<\/p>\n<p>H\u00e1, de facto, uma aposta na agenda clim\u00e1tica, na pol\u00edtica dom\u00e9stica, na agenda de desenvolvimento. Agora, claro, n\u00e3o houve a decis\u00e3o de parar de explorar petr\u00f3leo j\u00e1.<\/p>\n<p>                &#13;<br \/>\n                    &#13;<br \/>\n                    &#13;<br \/>\n                        A economista Laura Carvalho avisa que o caminho do Brasil para abandonar o petr\u00f3leo ainda ser\u00e1 longo&#13;<br \/>\nEdilson Rodrigues\/Senado brasileiro                    &#13;<\/p>\n<p>H\u00e1 estados e cidades brasileiras que dependem muit\u00edssimo do petr\u00f3leo. Em particular o Rio de Janeiro e o Esp\u00edrito Santo, se deixarem de explorar petr\u00f3leo, perdem praticamente todas as receitas.<\/p>\n<p>Tem-se entendido que \u00e9 mais urgente usar os recursos do petr\u00f3leo para investir na transi\u00e7\u00e3o clim\u00e1tica e na diversifica\u00e7\u00e3o econ\u00f3mica, de maneira a gerar menos custos.<\/p>\n<p><strong>E esse caminho est\u00e1 claro?<\/strong><br \/>N\u00e3o, acho que ainda n\u00e3o. O Presidente Lula e a ministra [do Ambiente] Marina Silva declararam que usar os recursos do petr\u00f3leo para fazer a transforma\u00e7\u00e3o econ\u00f3mica verde \u00e9 um caminho que est\u00e1 a ser constru\u00eddo.<\/p>\n<p>Mas, hoje, ainda n\u00e3o existem no Brasil os mecanismos para isso. H\u00e1 fundos soberanos, a n\u00edvel estadual e municipal, como o do Esp\u00edrito Santo, em que s\u00e3o usados royalties de petr\u00f3leo para investir na descarboniza\u00e7\u00e3o. A n\u00edvel federal, no entanto, n\u00e3o h\u00e1 ainda uma estrutura clara de governan\u00e7a.<\/p>\n<p>Conta-se muito com a boa vontade da Petrobras de fazer esses investimentos. E a Petrobras \u00e9 uma empresa de capital aberto, n\u00e3o responde apenas \u00e0 prioridade do Governo. Aguardamos pela cria\u00e7\u00e3o de uma estrutura de governan\u00e7a que permita investir os recursos numa estrat\u00e9gia para a transi\u00e7\u00e3o acontecer mais r\u00e1pido.<\/p>\n<p>Antes disso, n\u00e3o \u00e9 realista esperar que um pa\u00eds como o Brasil abra simplesmente m\u00e3o do petr\u00f3leo, at\u00e9 porque o petr\u00f3leo que hoje produz ainda \u00e9 muito competitivo a n\u00edvel global e emite muito menos carbono do que a m\u00e9dia.<\/p>\n<p><strong>E \u00e9 expect\u00e1vel que, ainda durante este mandato do Presidente Lula, essa estrutura seja criada?<\/strong><br \/>Houve esse <a href=\"https:\/\/www.publico.pt\/2025\/11\/07\/azul\/noticia\/clima-escolha-liderar-sermos-levados-ruina-guterres-2153626\" rel=\"nofollow noopener\" target=\"_blank\">compromisso no discurso dele na COP30<\/a>, com a ministra Marina Silva a reiter\u00e1-lo numa entrevista. Acho que est\u00e3o sendo lan\u00e7adas as bases. Mas depende da press\u00e3o da sociedade. Porque, \u00e9 claro, a contradi\u00e7\u00e3o est\u00e1 a\u00ed.<\/p>\n","protected":false},"excerpt":{"rendered":"Ler tamb\u00e9m: Laura Carvalho: A sida for\u00e7ou uma revolu\u00e7\u00e3o nas patentes. O clima tamb\u00e9m o justifica A economista&hellip;\n","protected":false},"author":2,"featured_media":153723,"comment_status":"","ping_status":"","sticky":false,"template":"","format":"standard","meta":{"footnotes":""},"categories":[83],"tags":[785,726,88,2271,786,6391,476,89,90,6153,32,33],"class_list":{"0":"post-153722","1":"post","2":"type-post","3":"status-publish","4":"format-standard","5":"has-post-thumbnail","7":"category-empresas","8":"tag-azul","9":"tag-brasil","10":"tag-business","11":"tag-clima","12":"tag-combustiveis-fosseis","13":"tag-cop30","14":"tag-economia","15":"tag-economy","16":"tag-empresas","17":"tag-petroleo","18":"tag-portugal","19":"tag-pt"},"share_on_mastodon":{"url":"https:\/\/pubeurope.com\/@pt\/115559541205745506","error":""},"_links":{"self":[{"href":"https:\/\/www.europesays.com\/pt\/wp-json\/wp\/v2\/posts\/153722","targetHints":{"allow":["GET"]}}],"collection":[{"href":"https:\/\/www.europesays.com\/pt\/wp-json\/wp\/v2\/posts"}],"about":[{"href":"https:\/\/www.europesays.com\/pt\/wp-json\/wp\/v2\/types\/post"}],"author":[{"embeddable":true,"href":"https:\/\/www.europesays.com\/pt\/wp-json\/wp\/v2\/users\/2"}],"replies":[{"embeddable":true,"href":"https:\/\/www.europesays.com\/pt\/wp-json\/wp\/v2\/comments?post=153722"}],"version-history":[{"count":0,"href":"https:\/\/www.europesays.com\/pt\/wp-json\/wp\/v2\/posts\/153722\/revisions"}],"wp:featuredmedia":[{"embeddable":true,"href":"https:\/\/www.europesays.com\/pt\/wp-json\/wp\/v2\/media\/153723"}],"wp:attachment":[{"href":"https:\/\/www.europesays.com\/pt\/wp-json\/wp\/v2\/media?parent=153722"}],"wp:term":[{"taxonomy":"category","embeddable":true,"href":"https:\/\/www.europesays.com\/pt\/wp-json\/wp\/v2\/categories?post=153722"},{"taxonomy":"post_tag","embeddable":true,"href":"https:\/\/www.europesays.com\/pt\/wp-json\/wp\/v2\/tags?post=153722"}],"curies":[{"name":"wp","href":"https:\/\/api.w.org\/{rel}","templated":true}]}}