{"id":153724,"date":"2025-11-16T13:11:37","date_gmt":"2025-11-16T13:11:37","guid":{"rendered":"https:\/\/www.europesays.com\/pt\/153724\/"},"modified":"2025-11-16T13:11:37","modified_gmt":"2025-11-16T13:11:37","slug":"mau-tempo-avenida-gustavo-eiffel-cortada-e-31-ocorrencias-na-cidade-do-porto-porto","status":"publish","type":"post","link":"https:\/\/www.europesays.com\/pt\/153724\/","title":{"rendered":"Mau tempo: Avenida Gustavo Eiffel cortada e 31 ocorr\u00eancias na cidade do Porto | Porto"},"content":{"rendered":"<p>A Avenida Gustavo Eiffel, na zona ribeirinha do Porto, foi neste s\u00e1bado encerrada ao tr\u00e2nsito em consequ\u00eancia das chuvas intensas que se t\u00eam sentido na cidade e que j\u00e1 originaram 31 ocorr\u00eancias, informou a autarquia portuense.<\/p>\n<p>\u201cA Avenida Gustavo Eiffel encontra-se encerrada ao tr\u00e2nsito devido \u00e0 forte queda de \u00e1gua a partir da escarpa, consequ\u00eancia da precipita\u00e7\u00e3o que se tem feito sentir na cidade\u201d, avisa a C\u00e2mara Municipal do Porto, numa nota publicada pelas 15h10 nas redes sociais.<\/p>\n<p>O munic\u00edpio acrescenta que \u201ca situa\u00e7\u00e3o est\u00e1 a ser acompanhada pela Protec\u00e7\u00e3o Civil e pela Pol\u00edcia Municipal\u201d e que a via reabrir\u00e1 \u201cassim que estejam conclu\u00eddos os trabalhos de limpeza pelas \u00c1guas e Energias do Porto\u201d.<\/p>\n<p>        &#13;<\/p>\n<p>&#13;<br \/>\n                &#13;\n            <\/p>\n<p>&#13;<\/p>\n<p>Segundo a nota, entre as 8h e as 15h deste s\u00e1bado, \u201ca Protec\u00e7\u00e3o Civil Municipal e os Sapadores Bombeiros deram resposta a 31 ocorr\u00eancias devido ao estado ao tempo, maioritariamente inunda\u00e7\u00f5es em via p\u00fablica e infiltra\u00e7\u00f5es em habita\u00e7\u00f5es\u201d.<\/p>\n<p>\u201cEm caso de emerg\u00eancia, contacte o 112 ou o Regimento de Sapadores Bombeiros do Porto, atrav\u00e9s do n\u00famero 225 073 700\u201d, destaca a autarquia.<\/p>\n","protected":false},"excerpt":{"rendered":"A Avenida Gustavo Eiffel, na zona ribeirinha do Porto, foi neste s\u00e1bado encerrada ao tr\u00e2nsito em consequ\u00eancia das&hellip;\n","protected":false},"author":2,"featured_media":153725,"comment_status":"","ping_status":"","sticky":false,"template":"","format":"standard","meta":{"footnotes":""},"categories":[10],"tags":[27,28,15,16,14,25,26,352,21,22,8532,606,12,13,19,20,542,462,32,23,24,2376,33,58,17,18,11669,29,30,31],"class_list":{"0":"post-153724","1":"post","2":"type-post","3":"status-publish","4":"format-standard","5":"has-post-thumbnail","7":"category-portugal","8":"tag-breaking-news","9":"tag-breakingnews","10":"tag-featured-news","11":"tag-featurednews","12":"tag-headlines","13":"tag-latest-news","14":"tag-latestnews","15":"tag-local","16":"tag-main-news","17":"tag-mainnews","18":"tag-mau-tempo","19":"tag-meteorologia","20":"tag-news","21":"tag-noticias","22":"tag-noticias-principais","23":"tag-noticiasprincipais","24":"tag-para-redes","25":"tag-porto","26":"tag-portugal","27":"tag-principais-noticias","28":"tag-principaisnoticias","29":"tag-proteccao-civil","30":"tag-pt","31":"tag-sociedade","32":"tag-top-stories","33":"tag-topstories","34":"tag-transito","35":"tag-ultimas","36":"tag-ultimas-noticias","37":"tag-ultimasnoticias"},"share_on_mastodon":{"url":"https:\/\/pubeurope.com\/@pt\/115559549180103907","error":""},"_links":{"self":[{"href":"https:\/\/www.europesays.com\/pt\/wp-json\/wp\/v2\/posts\/153724","targetHints":{"allow":["GET"]}}],"collection":[{"href":"https:\/\/www.europesays.com\/pt\/wp-json\/wp\/v2\/posts"}],"about":[{"href":"https:\/\/www.europesays.com\/pt\/wp-json\/wp\/v2\/types\/post"}],"author":[{"embeddable":true,"href":"https:\/\/www.europesays.com\/pt\/wp-json\/wp\/v2\/users\/2"}],"replies":[{"embeddable":true,"href":"https:\/\/www.europesays.com\/pt\/wp-json\/wp\/v2\/comments?post=153724"}],"version-history":[{"count":0,"href":"https:\/\/www.europesays.com\/pt\/wp-json\/wp\/v2\/posts\/153724\/revisions"}],"wp:featuredmedia":[{"embeddable":true,"href":"https:\/\/www.europesays.com\/pt\/wp-json\/wp\/v2\/media\/153725"}],"wp:attachment":[{"href":"https:\/\/www.europesays.com\/pt\/wp-json\/wp\/v2\/media?parent=153724"}],"wp:term":[{"taxonomy":"category","embeddable":true,"href":"https:\/\/www.europesays.com\/pt\/wp-json\/wp\/v2\/categories?post=153724"},{"taxonomy":"post_tag","embeddable":true,"href":"https:\/\/www.europesays.com\/pt\/wp-json\/wp\/v2\/tags?post=153724"}],"curies":[{"name":"wp","href":"https:\/\/api.w.org\/{rel}","templated":true}]}}