{"id":153744,"date":"2025-11-16T13:36:36","date_gmt":"2025-11-16T13:36:36","guid":{"rendered":"https:\/\/www.europesays.com\/pt\/153744\/"},"modified":"2025-11-16T13:36:36","modified_gmt":"2025-11-16T13:36:36","slug":"a-diplomata-a-grande-conspiracao-do-dominio-mundial","status":"publish","type":"post","link":"https:\/\/www.europesays.com\/pt\/153744\/","title":{"rendered":"&#8220;A Diplomata&#8221;: a grande conspira\u00e7\u00e3o do dom\u00ednio mundial"},"content":{"rendered":"<p data-remotead-prev-elm=\"true\" data-remotead-elm-id=\"inread\">N\u00e3o acontece muito em s\u00e9ries mais longas, mas &#8220;A Diplomata&#8221;, na sua 3.\u00aa temporada, consegue um salto qualitativo n\u00e3o displicente, tendo em conta o n\u00edvel j\u00e1 atingido.<\/p>\n<p>Recorde-se o essencial: a protagonista \u00e9 Kate Wyler (excelente Keri Russell), diplomata de carreira, conhecida por decis\u00f5es pouco ortodoxas, mas eficazes, casada com outro diplomata influente, Hal Wyler (Rufus Sewell). A narrativa, na sua origem, dividia-se entre a pol\u00edtica propriamente dita, quando Kate \u00e9 colocada \u00e0 frente da embaixada de Londres, ap\u00f3s um ataque terrorista a um navio brit\u00e2nico, que acabar\u00e1 por revelar contornos escabrosos, e a instabilidade que o casamento atravessa, com Hal a ter dificuldades em assumir um papel subalterno.<\/p>\n<p>No arranque desta 3.\u00aa temporada, Kate enfrenta a desilus\u00e3o de n\u00e3o ser nomeada vice-presidente dos EUA, agravada pelo facto de o cargo ser proposto ao marido. Perante o dilema de o abandonar e continuar em Londres ou representar o papel vazio de segunda-dama, Kate vai assumir ambos, com o afastamento f\u00edsico do casal e a complicada log\u00edstica emocional.<\/p>\n<p data-remotead-prev-elm=\"true\" data-remotead-elm-id=\"centro1\">Isto permite aos argumentistas recentrar a s\u00e9rie na pol\u00edtica, ou, melhor, na explora\u00e7\u00e3o da intriga, dos jogos de bastidores, das chantagens de que s\u00e3o feitos os acordos entre as na\u00e7\u00f5es. Claramente descrente dos bons motivos de quem governa a pol\u00edtica mundial, &#8220;A Diplomata&#8221; refina o humor dos di\u00e1logos e questiona a racionalidade de muitas decis\u00f5es, enquanto explora a podrid\u00e3o do sistema.<\/p>\n<p>Com surpresas recorrentes, revela\u00e7\u00f5es inesperadas e decis\u00f5es no limite do realismo, &#8220;A Diplomata&#8221;, em que tamb\u00e9m se destaca Allison Janey, agora presidente dos EUA ap\u00f3s ter sido porta-voz da Casa Branca na not\u00e1vel s\u00e9rie &#8220;The West Wing&#8221;, \u00e9 um retrato conjunto em que ningu\u00e9m sai isento na grande conspira\u00e7\u00e3o silenciosa do dom\u00ednio mundial.<\/p>\n<p><strong>&#8220;A Diplomata&#8221; &#8211; Temporada 3<br \/>Com Keri Russell, Rufus Sewell, Allison Janey<\/strong><br \/><strong>Netflix, 2025<\/strong><\/p>\n","protected":false},"excerpt":{"rendered":"N\u00e3o acontece muito em s\u00e9ries mais longas, mas &#8220;A Diplomata&#8221;, na sua 3.\u00aa temporada, consegue um salto qualitativo&hellip;\n","protected":false},"author":2,"featured_media":153745,"comment_status":"","ping_status":"","sticky":false,"template":"","format":"standard","meta":{"footnotes":""},"categories":[142],"tags":[1753,33132,33130,114,115,33131,716,32,33,940,151],"class_list":{"0":"post-153744","1":"post","2":"type-post","3":"status-publish","4":"format-standard","5":"has-post-thumbnail","7":"category-tv","8":"tag-artes","9":"tag-conspiracao","10":"tag-diplomatas","11":"tag-entertainment","12":"tag-entretenimento","13":"tag-keri-russell","14":"tag-netflix","15":"tag-portugal","16":"tag-pt","17":"tag-streaming","18":"tag-tv"},"share_on_mastodon":{"url":"https:\/\/pubeurope.com\/@pt\/115559647392905025","error":""},"_links":{"self":[{"href":"https:\/\/www.europesays.com\/pt\/wp-json\/wp\/v2\/posts\/153744","targetHints":{"allow":["GET"]}}],"collection":[{"href":"https:\/\/www.europesays.com\/pt\/wp-json\/wp\/v2\/posts"}],"about":[{"href":"https:\/\/www.europesays.com\/pt\/wp-json\/wp\/v2\/types\/post"}],"author":[{"embeddable":true,"href":"https:\/\/www.europesays.com\/pt\/wp-json\/wp\/v2\/users\/2"}],"replies":[{"embeddable":true,"href":"https:\/\/www.europesays.com\/pt\/wp-json\/wp\/v2\/comments?post=153744"}],"version-history":[{"count":0,"href":"https:\/\/www.europesays.com\/pt\/wp-json\/wp\/v2\/posts\/153744\/revisions"}],"wp:featuredmedia":[{"embeddable":true,"href":"https:\/\/www.europesays.com\/pt\/wp-json\/wp\/v2\/media\/153745"}],"wp:attachment":[{"href":"https:\/\/www.europesays.com\/pt\/wp-json\/wp\/v2\/media?parent=153744"}],"wp:term":[{"taxonomy":"category","embeddable":true,"href":"https:\/\/www.europesays.com\/pt\/wp-json\/wp\/v2\/categories?post=153744"},{"taxonomy":"post_tag","embeddable":true,"href":"https:\/\/www.europesays.com\/pt\/wp-json\/wp\/v2\/tags?post=153744"}],"curies":[{"name":"wp","href":"https:\/\/api.w.org\/{rel}","templated":true}]}}