{"id":15376,"date":"2025-08-04T11:01:09","date_gmt":"2025-08-04T11:01:09","guid":{"rendered":"https:\/\/www.europesays.com\/pt\/15376\/"},"modified":"2025-08-04T11:01:09","modified_gmt":"2025-08-04T11:01:09","slug":"apoio-a-compra-de-eletrodomesticos-so-avanca-em-setembro","status":"publish","type":"post","link":"https:\/\/www.europesays.com\/pt\/15376\/","title":{"rendered":"Apoio \u00e0 compra de eletrodom\u00e9sticos s\u00f3 avan\u00e7a em setembro"},"content":{"rendered":"<p>        E-lar \u2013 programa para substituir esquentadores, fog\u00f5es e fornos \u2013 sofreu mais uma derrapagem no seu lan\u00e7amento e aguarda agora por setembro ver a luz do dia. A raz\u00e3o? Assegurar que a informa\u00e7\u00e3o sobre os apoios \u201cchega ao maior n\u00famero poss\u00edvel de benefici\u00e1rios\u201d, j\u00e1 que agosto \u00e9 m\u00eas de f\u00e9rias para muitos portugueses, justifica ao JE fonte oficial da ministra do Ambiente e Energia, Gra\u00e7a Carvalho.    <\/p>\n<p data-olk-copy-source=\"MessageBody\">O E-Lar, programa de apoio \u00e0 compra de eletrodom\u00e9sticos mais eficientes, esteve previsto primeiro para junho, depois para julho, mas s\u00f3 ir\u00e1 arrancar em setembro. Embora o formato e as regras j\u00e1 estejam fechados, o Minist\u00e9rio do Ambiente e Energia decidiu adi\u00e1-lo para depois das f\u00e9rias, em setembro.<\/p>\n<p>\u201cO aviso de abertura do programa ser\u00e1 publicado em setembro, por decis\u00e3o da ministra do Ambiente e Energia, Maria da Gra\u00e7a Carvalho, que entendeu que o m\u00eas de agosto \u2014 per\u00edodo em que muitos portugueses se encontram de f\u00e9rias \u2014 n\u00e3o permitiria uma comunica\u00e7\u00e3o suficientemente ampla e eficaz\u201d, explicou fonte oficial do minist\u00e9rio ao Jornal Econ\u00f3mico (JE).<\/p>\n<p>Este adiamento, justifica a mesma fonte, \u201cvisa garantir uma divulga\u00e7\u00e3o abrangente e clara junto da popula\u00e7\u00e3o, assegurando que a informa\u00e7\u00e3o sobre os apoios chega ao maior n\u00famero poss\u00edvel de benefici\u00e1rios\u201d.<\/p>\n<p>Com uma dota\u00e7\u00e3o de 100 milh\u00f5es de euros, o E-Lar tem como objetivo substituir fog\u00f5es, fornos e esquentadores ineficientes ou a g\u00e1s por equipamentos el\u00e9tricos de classe A ou superior e vai chegar a todos os consumidores que queiram melhorar a efici\u00eancia energ\u00e9tica da sua casa. O minist\u00e9rio ainda n\u00e3o revelou qual o valor do apoio para cada um dos grupos, sendo certo que para as fam\u00edlias mais carenciadas a comparticipa\u00e7\u00e3o vai ser de 100%.<\/p>\n<p>A l\u00f3gica do funcionamento do E-Lar traz algumas mudan\u00e7as face ao programa Edif\u00edcios Mais Sustent\u00e1veis, em que os consumidores adiantam o dinheiro, que lhes \u00e9 mais tarde devolvido. Uma heran\u00e7a do \u00faltimo governo socialista e que tem sido \u201cuma dor de cabe\u00e7a\u201d de t\u00e3o complexo que \u00e9, disse a ministra na semana passada, numa confer\u00eancia de imprensa da semana passada.<\/p>\n<p>Tratando-se de um concurso com fundos europeus (PRR), \u201ctemos muito pouca flexibilidade de mudar as regras a meio do caminho\u201d, lamentou Maria Gra\u00e7a Carvalho, dando conta que das 80 mil candidaturas ao Edif\u00edcio Mais Sustent\u00e1veis recebidas, restavam no final de junho analisar 10 mil. \u201cEsperamos muito em breve ver-nos livres deste programa, \u00e9 uma dor de cabe\u00e7a para todos os envolvidos (\u2026) \u00c9 t\u00e3o morosa e minuciosa esta avalia\u00e7\u00e3o que as pessoas que est\u00e3o a avaliar acabam por desistir\u201d, disse a ministra.<\/p>\n<p>Provado que est\u00e1 que aquele modelo \u201cn\u00e3o funciona\u201d, o Governo vai fazer uma aposta diferente porque, justifica Gra\u00e7a Carvalho, \u201cprogramas dirigidos \u00e0 popula\u00e7\u00e3o em geral t\u00eam que ser muito simples e n\u00e3o podem ser baseados em a pessoa ter que adiantar o dinheiro e depois ficar um ano, dois anos, \u00e0 espera de reaver o dinheiro\u201d.<\/p>\n<p>No E-Lar, os consumidores compram os eletrodom\u00e9sticos j\u00e1 com o respetivo desconto e s\u00e3o os comercializadores, com quem o executivo estabelece um acordo, quem vai \u201cpedir a conta\u201d. O Jornal Econ\u00f3mico procurou saber quem s\u00e3o os comercializadores que v\u00e3o aderir ao novo programa, mas fonte da tutela n\u00e3o detalhou essa informa\u00e7\u00e3o, assinalando apenas que \u201ctodos os trabalhos preparat\u00f3rios para o lan\u00e7amento est\u00e3o conclu\u00eddos\u201d.<\/p>\n","protected":false},"excerpt":{"rendered":"E-lar \u2013 programa para substituir esquentadores, fog\u00f5es e fornos \u2013 sofreu mais uma derrapagem no seu lan\u00e7amento e&hellip;\n","protected":false},"author":2,"featured_media":3190,"comment_status":"","ping_status":"","sticky":false,"template":"","format":"standard","meta":{"footnotes":""},"categories":[83],"tags":[88,6099,89,90,32,33],"class_list":{"0":"post-15376","1":"post","2":"type-post","3":"status-publish","4":"format-standard","5":"has-post-thumbnail","7":"category-empresas","8":"tag-business","9":"tag-e-lar-eficiencia-energetica-e-conforto-termico","10":"tag-economy","11":"tag-empresas","12":"tag-portugal","13":"tag-pt"},"share_on_mastodon":{"url":"","error":""},"_links":{"self":[{"href":"https:\/\/www.europesays.com\/pt\/wp-json\/wp\/v2\/posts\/15376","targetHints":{"allow":["GET"]}}],"collection":[{"href":"https:\/\/www.europesays.com\/pt\/wp-json\/wp\/v2\/posts"}],"about":[{"href":"https:\/\/www.europesays.com\/pt\/wp-json\/wp\/v2\/types\/post"}],"author":[{"embeddable":true,"href":"https:\/\/www.europesays.com\/pt\/wp-json\/wp\/v2\/users\/2"}],"replies":[{"embeddable":true,"href":"https:\/\/www.europesays.com\/pt\/wp-json\/wp\/v2\/comments?post=15376"}],"version-history":[{"count":0,"href":"https:\/\/www.europesays.com\/pt\/wp-json\/wp\/v2\/posts\/15376\/revisions"}],"wp:featuredmedia":[{"embeddable":true,"href":"https:\/\/www.europesays.com\/pt\/wp-json\/wp\/v2\/media\/3190"}],"wp:attachment":[{"href":"https:\/\/www.europesays.com\/pt\/wp-json\/wp\/v2\/media?parent=15376"}],"wp:term":[{"taxonomy":"category","embeddable":true,"href":"https:\/\/www.europesays.com\/pt\/wp-json\/wp\/v2\/categories?post=15376"},{"taxonomy":"post_tag","embeddable":true,"href":"https:\/\/www.europesays.com\/pt\/wp-json\/wp\/v2\/tags?post=15376"}],"curies":[{"name":"wp","href":"https:\/\/api.w.org\/{rel}","templated":true}]}}