{"id":153764,"date":"2025-11-16T13:53:14","date_gmt":"2025-11-16T13:53:14","guid":{"rendered":"https:\/\/www.europesays.com\/pt\/153764\/"},"modified":"2025-11-16T13:53:14","modified_gmt":"2025-11-16T13:53:14","slug":"homem-que-atacou-ariana-grande-e-conhecido-por-invadir-eventos-e-agarrar-celebridades-celebridades","status":"publish","type":"post","link":"https:\/\/www.europesays.com\/pt\/153764\/","title":{"rendered":"Homem que \u2018atacou\u2019 Ariana Grande \u00e9 conhecido por invadir eventos e agarrar celebridades | Celebridades"},"content":{"rendered":"<p>                                        Ariana foi supreendida durante premi\u00e8re de &#8216;Wicked: Parte II&#8217;, em Singapura &#8211; Reprodu\u00e7\u00e3o\/Instagram<\/p>\n<p class=\"content-media__description\">Ariana foi supreendida durante premi\u00e8re de &#8216;Wicked: Parte II&#8217;, em SingapuraReprodu\u00e7\u00e3o\/Instagram<\/p>\n<p>                            Publicado 14\/11\/2025 19:15\n                    <\/p>\n<p>Rio &#8211; O homem que agarrou a atriz Ariana Grande durante um evento de divulga\u00e7\u00e3o do filme \u201cWicked: Parte II\u201d, na \u00faltima quinta-feira (13), em Singapura, foi identificado pelas autoridades. Trata-se de Johnson Wen, de 25 anos, um jovem que j\u00e1 \u00e9 conhecido nas redes sociais por produzir conte\u00fado no qual quebra barreiras de seguran\u00e7a para se aproximar de celebridades.<\/p>\n<p>Em junho deste ano, ele invadiu o palco de um show da cantora Katy Perry. A artista se assustou com a presen\u00e7a inesperada e o expulsou rapidamente do palco. Em entrevista ao site australiano 9News, Johnson descreveu\u00a0o momento. \u201cEu disse \u2018deixa eu subir no palco com voc\u00ea\u2019, a\u00ed ela (Katy Perry) surtou porque percebeu que eu n\u00e3o era artista\u201d.<\/p>\n<p>Antes disso, ele j\u00e1 havia invadido apresenta\u00e7\u00f5es de The Weeknd e da dupla The Chainsmokers, al\u00e9m de conseguir tamb\u00e9m romper barreiras de seguran\u00e7a nas Olimp\u00edadas de Paris e da Copa do Mundo Feminina da FIFA.<\/p>\n<p>Em suas publica\u00e7\u00f5es, o jovem costuma debochar das situa\u00e7\u00f5es e afirmar que realiza as invas\u00f5es \u201cpor divers\u00e3o\u201d. Ap\u00f3s o epis\u00f3dio com Ariana Grande, Johnson compartilhou o v\u00eddeo do momento e ainda escreveu: \u201cQuerida Ariana Grande, obrigado por me deixar pular com voc\u00ea no tapete amarelo\u201d. Mais tarde, ele revelou que chegou a ser preso pelo incidente em Singapura, mas foi liberado em seguida: \u201cEstou livre depois de ter sido preso\u201d, comentou de forma ir\u00f4nica.<\/p>\n<p>Johnson j\u00e1 foi detido outras vezes e \u00e9 proibido de entrar em alguns est\u00e1dios e casas de shows na Austr\u00e1lia.<\/p>\n<blockquote class=\"twitter-tweet\" data-media-max-width=\"560\"><p>&#13;<\/p>\n<p dir=\"ltr\" lang=\"en\">this is the worst thing to happen i can\u2019t believe i saw ariana get harrassed in front of my own eyes\u2026 and she was about to reach me too <a href=\"https:\/\/t.co\/AEeph52us1\" rel=\"nofollow\">pic.twitter.com\/AEeph52us1<\/a><\/p>\n<p>&#13;<br \/>\n\u2014 dhya IS SEEING ARI (@lanagrandes) <a href=\"https:\/\/twitter.com\/lanagrandes\/status\/1988947307098960253?ref_src=twsrc%5Etfw\" rel=\"nofollow noopener\" target=\"_blank\">November 13, 2025<\/a><\/p><\/blockquote>\n<p>                                    <script async src=\"https:\/\/platform.twitter.com\/widgets.js\" charset=\"utf-8\"><\/script><\/p>\n","protected":false},"excerpt":{"rendered":"Ariana foi supreendida durante premi\u00e8re de &#8216;Wicked: Parte II&#8217;, em Singapura &#8211; Reprodu\u00e7\u00e3o\/Instagram Ariana foi supreendida durante premi\u00e8re&hellip;\n","protected":false},"author":2,"featured_media":153765,"comment_status":"","ping_status":"","sticky":false,"template":"","format":"standard","meta":{"footnotes":""},"categories":[141],"tags":[1940,114,115,149,150,32,33,28303],"class_list":{"0":"post-153764","1":"post","2":"type-post","3":"status-publish","4":"format-standard","5":"has-post-thumbnail","7":"category-musica","8":"tag-ariana-grande","9":"tag-entertainment","10":"tag-entretenimento","11":"tag-music","12":"tag-musica","13":"tag-portugal","14":"tag-pt","15":"tag-wicked-parte-ii"},"share_on_mastodon":{"url":"https:\/\/pubeurope.com\/@pt\/115559714199766288","error":""},"_links":{"self":[{"href":"https:\/\/www.europesays.com\/pt\/wp-json\/wp\/v2\/posts\/153764","targetHints":{"allow":["GET"]}}],"collection":[{"href":"https:\/\/www.europesays.com\/pt\/wp-json\/wp\/v2\/posts"}],"about":[{"href":"https:\/\/www.europesays.com\/pt\/wp-json\/wp\/v2\/types\/post"}],"author":[{"embeddable":true,"href":"https:\/\/www.europesays.com\/pt\/wp-json\/wp\/v2\/users\/2"}],"replies":[{"embeddable":true,"href":"https:\/\/www.europesays.com\/pt\/wp-json\/wp\/v2\/comments?post=153764"}],"version-history":[{"count":0,"href":"https:\/\/www.europesays.com\/pt\/wp-json\/wp\/v2\/posts\/153764\/revisions"}],"wp:featuredmedia":[{"embeddable":true,"href":"https:\/\/www.europesays.com\/pt\/wp-json\/wp\/v2\/media\/153765"}],"wp:attachment":[{"href":"https:\/\/www.europesays.com\/pt\/wp-json\/wp\/v2\/media?parent=153764"}],"wp:term":[{"taxonomy":"category","embeddable":true,"href":"https:\/\/www.europesays.com\/pt\/wp-json\/wp\/v2\/categories?post=153764"},{"taxonomy":"post_tag","embeddable":true,"href":"https:\/\/www.europesays.com\/pt\/wp-json\/wp\/v2\/tags?post=153764"}],"curies":[{"name":"wp","href":"https:\/\/api.w.org\/{rel}","templated":true}]}}