{"id":153770,"date":"2025-11-16T14:00:15","date_gmt":"2025-11-16T14:00:15","guid":{"rendered":"https:\/\/www.europesays.com\/pt\/153770\/"},"modified":"2025-11-16T14:00:15","modified_gmt":"2025-11-16T14:00:15","slug":"caca-aos-sabotadores-do-nord-steam-ameaca-a-unidade-da-europa","status":"publish","type":"post","link":"https:\/\/www.europesays.com\/pt\/153770\/","title":{"rendered":"Ca\u00e7a aos sabotadores do Nord Steam amea\u00e7a a unidade da Europa"},"content":{"rendered":"<p>\t                Os esfor\u00e7os da R\u00fassia para semear divis\u00f5es no estrangeiro est\u00e3o bem documentados, mas neste caso o Kremlin pode ter alcan\u00e7ado um dos seus objetivos sem ter de mexer um dedo<\/p>\n<p style=\"margin-bottom:11px\">Era uma noite de final de setembro quando explos\u00f5es abafadas e uma corrente de bolhas romperam a superf\u00edcie do Mar B\u00e1ltico. <a href=\"https:\/\/www.cnn.com\/2022\/09\/28\/energy\/nord-stream-pipelines-leaks-explainer-intl\" target=\"_blank\" rel=\"nofollow noopener\">Explos\u00f5es<\/a> atingiram os dois gasodutos Nord Stream, a principal via de distribui\u00e7\u00e3o de g\u00e1s da R\u00fassia para a Europa, meses ap\u00f3s a invas\u00e3o em larga escala da Ucr\u00e2nia por Moscovo. Anos depois, as ondas de choque daquela noite ainda reverberam por todo o continente.<\/p>\n<p>O ataque de 2022 aos gasodutos, extremamente controverso, desencadeou uma investiga\u00e7\u00e3o internacional, com as suspeitas a recair imediatamente sobre a R\u00fassia, for\u00e7ando at\u00e9 mesmo os EUA a negar qualquer envolvimento.<\/p>\n<p>Hoje, a intriga continua a girar em torno das explos\u00f5es, mesmo enquanto a Alemanha prepara um processo contra <a href=\"https:\/\/www.cnn.com\/2025\/08\/21\/europe\/nordstream-germany-italy-arrest-intl\" target=\"_blank\" rel=\"nofollow noopener\">os suspeitos de sabotagem ucranianos<\/a>. E os esfor\u00e7os da Pol\u00f3nia para obstruir o caso \u2013 aparentemente para proteger o seu aliado, a Ucr\u00e2nia \u2013 est\u00e3o a gerar novas tens\u00f5es na Europa.<\/p>\n<p>A Alemanha parece determinada em levar o caso Nord Stream a julgamento, tendo emitido mandados de deten\u00e7\u00e3o contra dois ucranianos \u2013 Volodymyr Zhuravlov, detido na Pol\u00f3nia, e Serhii Kuznietsov, detido na It\u00e1lia \u2013 suspeitos de envolvimento na explos\u00e3o.<\/p>\n<p>L\u00edderes de outras na\u00e7\u00f5es expressaram d\u00favidas sobre a necessidade de instaurar processos criminais contra os supostos respons\u00e1veis.<\/p>\n<p> <img decoding=\"async\" alt=\"\" src=\"https:\/\/www.europesays.com\/pt\/wp-content\/uploads\/2025\/11\/1763301613_968_f_webp.webp\" width=\"600\"\/> <\/p>\n<p>   O mergulhador ucraniano Volodymyr Zhuravlyov foi libertado a 17 de outubro deste ano ap\u00f3s um juiz do tribunal distrital de Vars\u00f3via, na Pol\u00f3nia, ter rejeitado o pedido de extradi\u00e7\u00e3o da Alemanha, suspendendo a sua pris\u00e3o preventiva. foto Omar Marques\/Getty Images <\/p>\n<p>Uma decis\u00e3o de um tribunal polaco em meados de outubro de libertar Zhuravlov, ap\u00f3s protelar a sua extradi\u00e7\u00e3o, minou seriamente as esperan\u00e7as de Berlim de um processo judicial. Aos olhos do juiz, se as explos\u00f5es no Nord Stream foram um ato de sabotagem ucraniano, isso seria uma resposta justificada a uma invas\u00e3o n\u00e3o provocada.<\/p>\n<p>&#8220;Se a Ucr\u00e2nia foi de facto a organizadora deste ato de agress\u00e3o, ent\u00e3o somente a Ucr\u00e2nia pode ser responsabilizada por este evento&#8221;, disse o juiz Dariusz Lubowski no veredicto que suspendeu a extradi\u00e7\u00e3o de Zhuravlov para a Alemanha, <a href=\"https:\/\/tvn24.pl\/polska\/sad-nie-zgodzil-sie-na-wydanie-podejrzanego-o-wysadzenie-nord-stream-st8704995\" target=\"_blank\" rel=\"nofollow noopener\">como noticiou a afiliada da CNN, TVN24<\/a>.<\/p>\n<p>O ucraniano de 49 anos alega que n\u00e3o teve nada a ver com o ataque e que estava na Ucr\u00e2nia \u00e0 data dos acontecimentos, de acordo com a TVN24.<\/p>\n<p>Os procuradores alem\u00e3es alegam que Zhuravlov, um &#8220;mergulhador treinado&#8221;, fazia &#8220;parte de um grupo de indiv\u00edduos que colocaram explosivos nos gasodutos Nord Stream 1 e Nord Stream 2 perto da ilha de Bornholm em setembro de 2022&#8221;. A equipa ter\u00e1 usado identidades falsas para alugar um iate que os transportasse e aos seus equipamentos at\u00e9 o local da explos\u00e3o.<\/p>\n<p>Serhii Kuznietsov, um ex-soldado ucraniano de 49 anos e suposto coordenador da opera\u00e7\u00e3o, foi detido em It\u00e1lia no final de agosto, com base num mandado de deten\u00e7\u00e3o alem\u00e3o.<\/p>\n<p>O advogado de defesa de Kuznietsov, Nicola Canestrini, disse \u00e0 CNN que o ucraniano nega qualquer irregularidade e que est\u00e1 atualmente a recorrer da decis\u00e3o do Supremo Tribunal italiano de extradit\u00e1-lo para a Alemanha.<\/p>\n<p> <img decoding=\"async\" alt=\"\" src=\"https:\/\/www.europesays.com\/pt\/wp-content\/uploads\/2025\/11\/1763301614_702_f_webp.webp\" width=\"600\"\/> <\/p>\n<p>   Sehrii Kuznietsov \u00e9 levado para uma viatura da pol\u00edcia penitenci\u00e1ria para ser transportado de volta para a pris\u00e3o, em agosto passado, ap\u00f3s comparecer perante o Tribunal de Recursos de Bolonha, em It\u00e1lia, que confirmou a sua senten\u00e7a de pris\u00e3o. foto Massimiliano Donati\/Getty Images <\/p>\n<p>&#8220;O problema da Europa, o problema da Ucr\u00e2nia, o problema da Litu\u00e2nia e da Pol\u00f3nia, n\u00e3o \u00e9 que o Nord Stream 2 tenha explodido, mas sim que tenha sido constru\u00eddo&#8221;, disse o primeiro-ministro polaco, Donald Tusk, aos jornalistas no in\u00edcio de outubro.<\/p>\n<p>&#8220;Certamente n\u00e3o \u00e9 do interesse da Pol\u00f3nia, nem do interesse da dec\u00eancia e da justi\u00e7a, processar ou extraditar este cidad\u00e3o para outro Estado&#8221;, acrescentou.<\/p>\n<p>A posi\u00e7\u00e3o de Tusk reflete preocupa\u00e7\u00f5es antigas sobre os gasodutos dentro e fora da Europa.<\/p>\n<p>J\u00e1 em 2007, o ent\u00e3o ministro da Defesa da Pol\u00f3nia, Radek Sikorski, criticou duramente o projeto do gasoduto Nord Stream 1, classificando-o como &#8220;a tentativa mais ultrajante do sr. Putin de dividir e prejudicar a UE&#8221;.<\/p>\n<p>A depend\u00eancia europeia dos hidrocarbonetos russos enfrenta oposi\u00e7\u00e3o das administra\u00e7\u00f5es americanas desde a Casa Branca de George W. Bush, um sentimento que foi sempre bipartid\u00e1rio. Como o senador republicano Ted Cruz disse aos senadores em 2019: o gasoduto Nord Stream 2, \u201cse conclu\u00eddo, tornaria a Europa ainda mais dependente da energia russa, ainda mais vulner\u00e1vel \u00e0 chantagem russa\u201d.<\/p>\n<p>Na Europa, a posi\u00e7\u00e3o polaca exp\u00f4s divis\u00f5es no continente.<\/p>\n<p>\u201cChocante\u201d foi como Peter Szijjarto, ministro dos Neg\u00f3cios Estrangeiros da Hungria \u2013 um dos poucos aliados da R\u00fassia no continente e recentemente beneficiado com uma <a href=\"https:\/\/www.cnn.com\/2025\/11\/07\/europe\/orban-trump-oil-sanctions-hungary-latam-intl\" target=\"_blank\" rel=\"nofollow noopener\">isen\u00e7\u00e3o dos EUA<\/a> que lhes permitir\u00e1 continuar a comprar petr\u00f3leo e g\u00e1s russos \u2013 descreveu a posi\u00e7\u00e3o de Tusk.<\/p>\n<p>\u201cUma coisa \u00e9 clara: n\u00e3o queremos uma Europa onde primeiros-ministros defendam terroristas\u201d, <a href=\"https:\/\/x.com\/FM_Szijjarto\/status\/1975928974623826032\" target=\"_blank\" rel=\"nofollow\">escreveu Szijjarto na rede social X<\/a>.<\/p>\n<p>Para muitos no norte da Europa, a aten\u00e7\u00e3o voltada para os respons\u00e1veis pela explos\u00e3o do Nord Stream \u00e9 uma distra\u00e7\u00e3o que impede a lembran\u00e7a de como foi constru\u00eddo.<\/p>\n<p> <img decoding=\"async\" alt=\"\" src=\"https:\/\/www.europesays.com\/pt\/wp-content\/uploads\/2025\/11\/1763301614_854_f_webp.webp\" width=\"600\"\/> <\/p>\n<p>   Um trabalhador na entrada de um gasoduto perto de Lubmin, na Alemanha, fotografado em abril de 2010. foto\u00a0Sean Gallup\/Getty Images <\/p>\n<p>O ex-ministro dos Neg\u00f3cios Estrangeiros da Litu\u00e2nia, Gabrielius Landsbergis, diz \u00e0 CNN que, se se analisar o caso jur\u00eddico isoladamente, \u201cisso pode fazer-nos esquecer como cheg\u00e1mos a esta situa\u00e7\u00e3o\u201d. A posi\u00e7\u00e3o do governo polaco \u201ctem muito a ver com sua pol\u00edtica interna, j\u00e1 que o seu presidente pertence a um partido muito nacionalista\u201d, adianta Helga Kalm, vice-diretora do Centro Internacional de Defesa e Seguran\u00e7a da Est\u00f3nia, \u00e0 CNN. \u201c\u00c9 um sinal de que a Alemanha est\u00e1 a agir de forma errada\u201d ao dar continuidade a um processo que pode prejudicar os interesses ucranianos.<\/p>\n<p>Muitos nos pa\u00edses europeus da era p\u00f3s-sov\u00e9tica, com a Pol\u00f3nia \u00e0 cabe\u00e7a, sentem-se finalmente vingados ap\u00f3s d\u00e9cadas de avisos contra a press\u00e3o de pot\u00eancias europeias como a Alemanha para estreitar la\u00e7os com a R\u00fassia.<\/p>\n<p>Em busca de \u2018justi\u00e7a\u2019 <\/p>\n<p>Tanto a <a href=\"https:\/\/politi.dk\/koebenhavns-politi\/nyhedsliste\/koebenhavns-politi-og-pets-faelles-efterforskning-af-spraengningerne-af-nord-stream-indstilles\/2024\/02\/26?utm_source=chatgpt.com\" target=\"_blank\" rel=\"nofollow noopener\">Dinamarca<\/a> quanto a Su\u00e9cia \u2013 cujas \u00e1guas se estendem ao longo do gasoduto Nord Stream \u2013 recusaram-se a apresentar queixas sobre as explos\u00f5es, com a Su\u00e9cia a alegar falta de jurisdi\u00e7\u00e3o.<\/p>\n<p>No entanto, a Alemanha seguiu em frente.<\/p>\n<p>&#8220;\u00c9 um Estado de direito&#8221;, diz Stefan Meister, especialista em Europa Oriental do German Council on Foreign Relations, \u00e0 CNN. \u201cAcho que isso se deve particularmente a quest\u00f5es internas.\u201d<\/p>\n<p>Com os populistas de direita do AfD a questionar a credibilidade das institui\u00e7\u00f5es estatais, permitir que a Justi\u00e7a alem\u00e3 siga o seu curso diz respeito \u00e0 &#8220;credibilidade do sistema, das institui\u00e7\u00f5es e das elites pol\u00edticas no poder&#8221;, acrescenta Meister.<\/p>\n<p>A Alemanha foi a for\u00e7a motriz na Europa por tr\u00e1s dos gasodutos Nord Stream. E colheu os frutos.<\/p>\n<p>Em 2016, quase 30% das necessidades de g\u00e1s da Alemanha foram atendidas por fornecedores russos, que canalizaram o g\u00e1s pelo gasoduto Nord Stream 1, de acordo com <a href=\"https:\/\/data.bundesnetzagentur.de\/Bundesnetzagentur\/SharedDocs\/Downloads\/EN\/Areas\/ElectricityGas\/CollectionCompanySpecificData\/Monitoring\/monitoringreport2017.pdf?utm\" target=\"_blank\" rel=\"nofollow noopener\">dados do governo alem\u00e3o<\/a>.<\/p>\n<p>O chanceler alem\u00e3o entre 1998 e 2005, Gerhard Schroeder, tentou ingressar no conselho da gigante russa de energia Gazprom e tornou-se presidente da gigante petrol\u00edfera russa Rosneft ap\u00f3s deixar o cargo.<\/p>\n<p> <img decoding=\"async\" alt=\"\" src=\"https:\/\/www.europesays.com\/pt\/wp-content\/uploads\/2025\/11\/1763301615_731_f_webp.webp\" width=\"600\"\/> <\/p>\n<p>   O ex-chanceler alem\u00e3o Gerhard Schroeder e o presidente executivo da Gazprom, Alexei Miller (\u00e0 direita), d\u00e3o um aperto de m\u00e3o durante uma confer\u00eancia de imprensa da Gazprom, que det\u00e9m o monop\u00f3lio russo do g\u00e1s natural, em 30 de mar\u00e7o de 2006, na sede da empresa em Moscovo, na R\u00fassia. foto Evgeny Malyshev\/Pressphotos\/Getty Images <\/p>\n<p>Da mesma forma, os gasodutos tornaram-se um s\u00edmbolo da depend\u00eancia de hidrocarbonetos russos baratos que, para os cr\u00edticos, a Europa trocou por uma postura de princ\u00edpio em rela\u00e7\u00e3o \u00e0 agress\u00e3o de Moscovo na Ucr\u00e2nia em 2014 e na Ge\u00f3rgia em 2008.<\/p>\n<p>A ex-chanceler Angela Merkel atraiu cr\u00edticas especiais pela sua abordagem conciliat\u00f3ria em rela\u00e7\u00e3o a Moscovo.<\/p>\n<p>No seu livro de mem\u00f3rias, recentemente lan\u00e7ado, Merkel rebateu as acusa\u00e7\u00f5es de que a Alemanha havia sido dependente do g\u00e1s russo, escrevendo que isso \u00e9 verdade \u201cparticularmente no caso do Nord Stream 2, embora nenhum g\u00e1s jamais tenha sido transportado por este gasoduto\u2026 Era uma rel\u00edquia de um investimento fracassado\u201d.<\/p>\n<p>Dado o qu\u00e3o envolvidos muitos na pol\u00edtica alem\u00e3 estavam com o impulso para a constru\u00e7\u00e3o dos gasodutos Nord Stream, hoje muitos pol\u00edticos gostariam de se distanciar do caso, adianta Meister. \u201cA minha impress\u00e3o \u00e9 que eles querem purificar-se\u201d<\/p>\n<p>Necessidade de clareza <\/p>\n<p>A n\u00e9voa em torno do caso s\u00f3 serve para alimentar as tens\u00f5es na Europa num momento em que a uni\u00e3o contra a R\u00fassia e um aliado imprevis\u00edvel como os EUA \u00e9 crucial. Os esfor\u00e7os da R\u00fassia para semear divis\u00f5es no estrangeiro est\u00e3o bem documentados, mas neste caso o Kremlin pode ter alcan\u00e7ado um dos seus objetivos sem ter de mexer um dedo.<\/p>\n<p>O Nord Stream corre o risco de gerar \u201cmais inqu\u00e9ritos e talvez fraturas dentro da alian\u00e7a\u201d, diz Landsbergis. \u201cEspecialmente num momento em que j\u00e1 n\u00e3o estamos em paz, devemos lembrar-nos disso.\u201d<\/p>\n<p>Seja qual for o resultado da busca da Alemanha por satisfa\u00e7\u00e3o judicial em rela\u00e7\u00e3o ao Nord Stream, o g\u00e1s russo n\u00e3o fluir\u00e1 para o sul como antes de 2022.<\/p>\n<p>Desde a invas\u00e3o em grande escala da Ucr\u00e2nia pela R\u00fassia, a Europa tem lutado para se livrar de uma depend\u00eancia de d\u00e9cadas do g\u00e1s russo. E a perda do Nord Stream apenas acelerou esse processo.<\/p>\n<p>A participa\u00e7\u00e3o da R\u00fassia nas importa\u00e7\u00f5es da UE de g\u00e1s transportado por gasoduto caiu de mais de 40% em 2021 para cerca de 11% em 2024, de acordo <a href=\"https:\/\/www.consilium.europa.eu\/en\/infographics\/where-does-the-eu-s-gas-come-from\/\" target=\"_blank\" rel=\"nofollow noopener\">com dados da UE<\/a>.<\/p>\n<p>Como defendeu em mar\u00e7o Margus Tsahka, ministro dos Neg\u00f3cios Estrangeiros da Est\u00f3nia: &#8220;O lugar certo para o Nord Stream 2 \u00e9 no fundo do mar, em peda\u00e7os.&#8221;<\/p>\n","protected":false},"excerpt":{"rendered":"Os esfor\u00e7os da R\u00fassia para semear divis\u00f5es no estrangeiro est\u00e3o bem documentados, mas neste caso o Kremlin pode&hellip;\n","protected":false},"author":2,"featured_media":153771,"comment_status":"","ping_status":"","sticky":false,"template":"","format":"standard","meta":{"footnotes":""},"categories":[50],"tags":[1305,609,836,611,33138,27,28,607,608,333,832,604,135,610,476,33137,15,16,33136,301,830,889,14,33135,233,603,25,26,570,21,22,831,833,62,834,12,33134,13,19,20,835,602,52,5300,32,23,24,839,11933,17,18,1977,29,30,31,63,64,65],"class_list":{"0":"post-153770","1":"post","2":"type-post","3":"status-publish","4":"format-standard","5":"has-post-thumbnail","7":"category-mundo","8":"tag-alemanha","9":"tag-alerta","10":"tag-analise","11":"tag-ao-minuto","12":"tag-baltico","13":"tag-breaking-news","14":"tag-breakingnews","15":"tag-cnn","16":"tag-cnn-portugal","17":"tag-comentadores","18":"tag-costa","19":"tag-crime","20":"tag-desporto","21":"tag-direto","22":"tag-economia","23":"tag-explosoes","24":"tag-featured-news","25":"tag-featurednews","26":"tag-gas-natural","27":"tag-governo","28":"tag-guerra","29":"tag-guerra-na-ucrania","30":"tag-headlines","31":"tag-hidrocarbonetos","32":"tag-italia","33":"tag-justica","34":"tag-latest-news","35":"tag-latestnews","36":"tag-live","37":"tag-main-news","38":"tag-mainnews","39":"tag-mais-vistas","40":"tag-marcelo","41":"tag-mundo","42":"tag-negocios","43":"tag-news","44":"tag-nord-stream","45":"tag-noticias","46":"tag-noticias-principais","47":"tag-noticiasprincipais","48":"tag-opiniao","49":"tag-pais","50":"tag-politica","51":"tag-polonia","52":"tag-portugal","53":"tag-principais-noticias","54":"tag-principaisnoticias","55":"tag-russia","56":"tag-sabotagem","57":"tag-top-stories","58":"tag-topstories","59":"tag-ue","60":"tag-ultimas","61":"tag-ultimas-noticias","62":"tag-ultimasnoticias","63":"tag-world","64":"tag-world-news","65":"tag-worldnews"},"share_on_mastodon":{"url":"","error":"Validation failed: Text character limit of 500 exceeded"},"_links":{"self":[{"href":"https:\/\/www.europesays.com\/pt\/wp-json\/wp\/v2\/posts\/153770","targetHints":{"allow":["GET"]}}],"collection":[{"href":"https:\/\/www.europesays.com\/pt\/wp-json\/wp\/v2\/posts"}],"about":[{"href":"https:\/\/www.europesays.com\/pt\/wp-json\/wp\/v2\/types\/post"}],"author":[{"embeddable":true,"href":"https:\/\/www.europesays.com\/pt\/wp-json\/wp\/v2\/users\/2"}],"replies":[{"embeddable":true,"href":"https:\/\/www.europesays.com\/pt\/wp-json\/wp\/v2\/comments?post=153770"}],"version-history":[{"count":0,"href":"https:\/\/www.europesays.com\/pt\/wp-json\/wp\/v2\/posts\/153770\/revisions"}],"wp:featuredmedia":[{"embeddable":true,"href":"https:\/\/www.europesays.com\/pt\/wp-json\/wp\/v2\/media\/153771"}],"wp:attachment":[{"href":"https:\/\/www.europesays.com\/pt\/wp-json\/wp\/v2\/media?parent=153770"}],"wp:term":[{"taxonomy":"category","embeddable":true,"href":"https:\/\/www.europesays.com\/pt\/wp-json\/wp\/v2\/categories?post=153770"},{"taxonomy":"post_tag","embeddable":true,"href":"https:\/\/www.europesays.com\/pt\/wp-json\/wp\/v2\/tags?post=153770"}],"curies":[{"name":"wp","href":"https:\/\/api.w.org\/{rel}","templated":true}]}}