{"id":153772,"date":"2025-11-16T14:01:16","date_gmt":"2025-11-16T14:01:16","guid":{"rendered":"https:\/\/www.europesays.com\/pt\/153772\/"},"modified":"2025-11-16T14:01:16","modified_gmt":"2025-11-16T14:01:16","slug":"nao-serei-nem-avalista-nem-opositor-do-governo-observador","status":"publish","type":"post","link":"https:\/\/www.europesays.com\/pt\/153772\/","title":{"rendered":"&#8220;N\u00e3o serei nem avalista nem opositor do Governo&#8221; \u2013 Observador"},"content":{"rendered":"<p>Lu\u00eds Marques Mendes afirma que quer ser um<strong> \u201cPresidente da Rep\u00fablica independente, isento e essencial\u201d<\/strong>. Em entrevista \u00e0 <a href=\"https:\/\/cnnportugal.iol.pt\/luis-marques-mendes\/verdade-e-consequencia\/marques-mendes-e-igual-a-marcelo-sucessor-sim-amigo-sim-agora-filho-politico-nem-pensar\/20251115\/6918b860d34e3caad84b54b0\" target=\"_blank\" rel=\"noopener nofollow\">CNN Portugal<\/a>, este s\u00e1bado, frisou que n\u00e3o pretende ser \u201cnem avalista nem opositor do Governo\u201d.<\/p>\n<p>\u201cSerei sempre relativamente aos governos isto: independente, colaborante para poder ser \u00fatil ao pa\u00eds\u201d, disse, dizendo que entregou o cart\u00e3o de militante do PSD \u201ccomo gesto simb\u00f3lico\u201d. E frisou que pretende ser \u201cmuito exigente e firme na obten\u00e7\u00e3o de resultados\u201d. \u201cN\u00e3o vou pedir cabe\u00e7as de ministros, isso n\u00e3o \u00e9 o papel do Presidente, mas vou ser exigente.\u201d<\/p>\n<p>Falou na esperan\u00e7a de <strong>\u201cajudar a que Governo e oposi\u00e7\u00e3o fa\u00e7am converg\u00eancias, estabele\u00e7am pontes de entendimento\u201d<\/strong>. Marques Mendes declarou que \u00e9 isso que se pretende em Bel\u00e9m, \u201calgu\u00e9m que possa fazer consensos\u201d. <strong>\u201cN\u00e3o serei nem avalista nem opositor do Governo, tentarei ser fiel da balan\u00e7a.\u201d<\/strong><\/p>\n<p>Tamb\u00e9m afastou compara\u00e7\u00f5es com Marcelo Rebelo de Sousa, de quem \u00e9 amigo \u201ch\u00e1 mais de 20 anos\u201d. Rejeitou ser \u201cfilho pol\u00edtico\u201d ou igual ao atual Presidente. \u201cNunca renego os amigos como nunca renego convic\u00e7\u00f5es ou passado pol\u00edtico\u201d, disse.<strong> \u201cAgora filho pol\u00edtico isso nem pensar.\u201d<\/strong><\/p>\n<p>\u201cSomos muito diferentes\u201d, declarou. \u201cEle tem uma brilhante carreira acad\u00e9mica, eu n\u00e3o tenho, nunca segui pela academia. Marcelo Rebelo de Sousa, ao contr\u00e1rio de mim, tem poucos anos de experi\u00eancia governativa, eu tenho uma experi\u00eancia governativa enorme, com 13 anos de Governo\u201d, disse.<\/p>\n<p>Tamb\u00e9m salientou outra diferen\u00e7a: \u201co uso da palavra\u201d. \u201cMarcelo Rebelo de Sousa <strong>\u00e9 muito intenso no uso da palavra, eu sou conhecido por ser uma pessoa contida no uso da palavra,<\/strong> n\u00e3o gosto de banalizar a palavra, sempre fui assim\u201d, acrescentou.<\/p>\n<p>Declarou que pretende ser um Presidente \u201cgenu\u00edno, aut\u00eantico, n\u00e3o ser posti\u00e7o, n\u00e3o ser artificial\u201d. Questionado sobre se considera que h\u00e1 candidatos \u201cposti\u00e7os\u201d, desviou a pergunta. \u201cEssa parte adorava comentar se ainda estivesse na fun\u00e7\u00e3o de comentador\u201d, gracejou. \u201cE acho que teria boas audi\u00eancias.\u201d<\/p>\n<p>Falou, por\u00e9m, sobre alguns dos candidatos a Bel\u00e9m ao longo da entrevista. Afirmou, por exemplo, que \u201cGouveia e Melo tem todo o direito a candidatar-se\u201d. \u201cNunca disse que Gouveia e Melo, por ser militar, n\u00e3o se podia candidatar. Nunca disse isso. A \u00fanica coisa que exprimi, digamos assim, foi a minha diferen\u00e7a em rela\u00e7\u00e3o a Gouveia e Melo na experi\u00eancia pol\u00edtica.\u201d<\/p>\n<p>Tamb\u00e9m falou sobre Andr\u00e9 Ventura, criticando as declara\u00e7\u00f5es do candidato do Chega sobre Angola. \u201cAfirma\u00e7\u00f5es dessas s\u00e3o a prova provada de que Andr\u00e9 Ventura nem quer ser presidente da Rep\u00fablica nem nunca na vida vai ser Presidente. Um Presidente tem de ter outro n\u00edvel, outro sentido de responsabilidade.\u201d Referindo que \u201calgu\u00e9m que quer ser Presidente da Rep\u00fablica n\u00e3o se mete na pol\u00edtica interna de um pa\u00eds estrangeiro\u201d, Lu\u00eds Marques Mendes afirmou que \u201c<strong>os portugueses nunca v\u00e3o aceitar um Presidente da Rep\u00fablica que n\u00e3o tem n\u00edvel\u201d.<\/strong><\/p>\n<p>A entrevista abordou tamb\u00e9m o tema da imigra\u00e7\u00e3o, tema que \u00e9 \u201cuma das quest\u00f5es importantes em Portugal e fora de Portugal\u201d. O candidato a Bel\u00e9m afirmou que prefere <strong>\u201cver os imigrantes como oportunidade\u201d<\/strong>, enquanto \u201ch\u00e1 quem diga que s\u00e3o o problema\u201d.<\/p>\n<p>\u201cPrecisamos de imigrantes para a nossa economia, precisamos de imigrantes. Basta falar com empresas, institui\u00e7\u00f5es sociais. Estamos a perder popula\u00e7\u00e3o pelo saldo natural, se n\u00e3o fossem os imigrantes j\u00e1 n\u00e3o ter\u00edamos 10 milh\u00f5es [de habitantes].\u201d<\/p>\n<p>Lembrou que os imigrantes \u201cajudam \u00e0 solidez e sustentabilidade da Seguran\u00e7a Social\u201d. \u201c\u00c9 uma oportunidade que tem de ser regulada? Sim, n\u00e3o h\u00e1 hip\u00f3tese de entrarem todos\u201d. Referiu que \u201c\u00e9 oportunidade que tem de ser conjugada com integra\u00e7\u00e3o\u201d.<\/p>\n<p>Tamb\u00e9m deixou uma palavra cr\u00edtica a alguns discursos sobre o tema. \u201cAquilo que n\u00e3o aprecio s\u00e3o os discursos sobre esta mat\u00e9ria. N\u00e3o gosto de um discurso desumano, n\u00e3o gosto de um discurso humilhante para os imigrantes, n\u00e3o gosto de um discurso que n\u00e3o tenha equil\u00edbrio\u201d. Marques Mendes disse que \u201cas pessoas podem discordar das pol\u00edticas mas n\u00e3o t\u00eam direito a tratar os imigrantes como n\u00fameros ou objetos\u201d.<\/p>\n","protected":false},"excerpt":{"rendered":"Lu\u00eds Marques Mendes afirma que quer ser um \u201cPresidente da Rep\u00fablica independente, isento e essencial\u201d. Em entrevista \u00e0&hellip;\n","protected":false},"author":2,"featured_media":153773,"comment_status":"","ping_status":"","sticky":false,"template":"","format":"standard","meta":{"footnotes":""},"categories":[10],"tags":[27,28,1077,15,16,14,25,26,7604,21,22,12,13,19,20,57,302,32,5215,1076,23,24,33,58,17,18,29,30,31],"class_list":{"0":"post-153772","1":"post","2":"type-post","3":"status-publish","4":"format-standard","5":"has-post-thumbnail","7":"category-portugal","8":"tag-breaking-news","9":"tag-breakingnews","10":"tag-eleiu00e7u00f5es","11":"tag-featured-news","12":"tag-featurednews","13":"tag-headlines","14":"tag-latest-news","15":"tag-latestnews","16":"tag-luu00eds-marques-mendes","17":"tag-main-news","18":"tag-mainnews","19":"tag-news","20":"tag-noticias","21":"tag-noticias-principais","22":"tag-noticiasprincipais","23":"tag-pau00eds","24":"tag-polu00edtica","25":"tag-portugal","26":"tag-presidenciais","27":"tag-presidenciais-2026","28":"tag-principais-noticias","29":"tag-principaisnoticias","30":"tag-pt","31":"tag-sociedade","32":"tag-top-stories","33":"tag-topstories","34":"tag-ultimas","35":"tag-ultimas-noticias","36":"tag-ultimasnoticias"},"share_on_mastodon":{"url":"https:\/\/pubeurope.com\/@pt\/115559745629306507","error":""},"_links":{"self":[{"href":"https:\/\/www.europesays.com\/pt\/wp-json\/wp\/v2\/posts\/153772","targetHints":{"allow":["GET"]}}],"collection":[{"href":"https:\/\/www.europesays.com\/pt\/wp-json\/wp\/v2\/posts"}],"about":[{"href":"https:\/\/www.europesays.com\/pt\/wp-json\/wp\/v2\/types\/post"}],"author":[{"embeddable":true,"href":"https:\/\/www.europesays.com\/pt\/wp-json\/wp\/v2\/users\/2"}],"replies":[{"embeddable":true,"href":"https:\/\/www.europesays.com\/pt\/wp-json\/wp\/v2\/comments?post=153772"}],"version-history":[{"count":0,"href":"https:\/\/www.europesays.com\/pt\/wp-json\/wp\/v2\/posts\/153772\/revisions"}],"wp:featuredmedia":[{"embeddable":true,"href":"https:\/\/www.europesays.com\/pt\/wp-json\/wp\/v2\/media\/153773"}],"wp:attachment":[{"href":"https:\/\/www.europesays.com\/pt\/wp-json\/wp\/v2\/media?parent=153772"}],"wp:term":[{"taxonomy":"category","embeddable":true,"href":"https:\/\/www.europesays.com\/pt\/wp-json\/wp\/v2\/categories?post=153772"},{"taxonomy":"post_tag","embeddable":true,"href":"https:\/\/www.europesays.com\/pt\/wp-json\/wp\/v2\/tags?post=153772"}],"curies":[{"name":"wp","href":"https:\/\/api.w.org\/{rel}","templated":true}]}}