{"id":153774,"date":"2025-11-16T14:03:11","date_gmt":"2025-11-16T14:03:11","guid":{"rendered":"https:\/\/www.europesays.com\/pt\/153774\/"},"modified":"2025-11-16T14:03:11","modified_gmt":"2025-11-16T14:03:11","slug":"nao-foi-minha-vontade-silvania-aquino-quebra-silencio-sobre-saida-do-calcinha-preta-celebridades","status":"publish","type":"post","link":"https:\/\/www.europesays.com\/pt\/153774\/","title":{"rendered":"\u2018N\u00e3o foi minha vontade\u2019: Silv\u00e2nia Aquino quebra sil\u00eancio sobre sa\u00edda do Calcinha Preta | Celebridades"},"content":{"rendered":"<p>                                        Silv\u00e2nia Aquino quebra sil\u00eancio sobre sa\u00edda do Calcinha Preta &#8211; Reprodu\u00e7\u00e3o\/Instagram<\/p>\n<p class=\"content-media__description\">Silv\u00e2nia Aquino quebra sil\u00eancio sobre sa\u00edda do Calcinha PretaReprodu\u00e7\u00e3o\/Instagram<\/p>\n<p>                            Publicado 15\/11\/2025 21:50\n                    <\/p>\n<p>Rio &#8211; Silv\u00e2nia Aquino, 52 anos, usou as redes sociais neste s\u00e1bado (15) para falar pela primeira vez sobre sua sa\u00edda da banda Calcinha Preta, onde permaneceu por 25 anos. Em uma live, a cantora desabafou e revelou que o desligamento n\u00e3o partiu dela. \u201cEu me pronunciei quando coloquei meu desligamento, mas n\u00e3o foi por vontade minha. Eu precisava fazer, e s\u00f3 tenho a agradecer a todos os f\u00e3s\u201d, afirmou.<\/p>\n<p>A artista contou que deixar o grupo n\u00e3o estava em seus planos e refor\u00e7ou que a decis\u00e3o foi inevit\u00e1vel. \u201cEu n\u00e3o sairia da banda. Mas eu s\u00f3 entro na sua casa se voc\u00ea deixar. Quando coloquei o meu desligamento, n\u00e3o foi por vontade minha, mas eu precisava fazer\u201d, comentou.<\/p>\n<p>Silv\u00e2nia tamb\u00e9m confirmou que n\u00e3o retornar\u00e1 ao Calcinha Preta e que j\u00e1 est\u00e1 buscando novos caminhos para sua carreira. \u201cVolta ou n\u00e3o volta? N\u00e3o, n\u00e3o h\u00e1 volta. O meu ciclo na Calcinha Preta se encerrou\u201d, declarou.<\/p>\n<p>Ao final da transmiss\u00e3o, ela agradeceu o carinho dos f\u00e3s que a acompanham desde o in\u00edcio da trajet\u00f3ria e reconheceu o papel importante da banda em sua hist\u00f3ria. \u201cA banda precisa seguir. Eu vou caminhar, sim. Agrade\u00e7o muito \u00e0 fam\u00edlia Calcinha Preta\u201d, finalizou.<\/p>\n<blockquote class=\"twitter-tweet\" data-media-max-width=\"560\"><p>&#13;<\/p>\n<p dir=\"ltr\" lang=\"pt\">ELA FOI EXPULSA DA SUA PR\u00d3PRIA CASA!<\/p>\n<p>O EMPRES\u00c1RIO DA BANDA ENTERROU A BANDA SEM D\u00d3 NEM PIEDADE, MAS ELA N\u00c3O VAI PARAR POR A\u00cd. AGORA VAMOS MOSTRAR PARA TODOS O REAL TAMANHO DE SILV\u00c2NIA AQUINO!<\/p>\n<p>Perdeu FazLixo, Perdeu Diassis!<\/p>\n<p>Ela foi gigante aqui!<a href=\"https:\/\/twitter.com\/hashtag\/silvania?src=hash&amp;ref_src=twsrc%5Etfw\" rel=\"nofollow noopener\" target=\"_blank\">#silvania<\/a> <a href=\"https:\/\/twitter.com\/hashtag\/silvaniaaquino?src=hash&amp;ref_src=twsrc%5Etfw\" rel=\"nofollow noopener\" target=\"_blank\">#silvaniaaquino<\/a> <a href=\"https:\/\/t.co\/90WIrQJFNe\" rel=\"nofollow\">pic.twitter.com\/90WIrQJFNe<\/a><\/p>\n<p>&#13;<br \/>\n\u2014 Xandy Lima (@xandyzz_) <a href=\"https:\/\/twitter.com\/xandyzz_\/status\/1989802269974700120?ref_src=twsrc%5Etfw\" rel=\"nofollow noopener\" target=\"_blank\">November 15, 2025<\/a><\/p><\/blockquote>\n<p>                                    <script async src=\"https:\/\/platform.twitter.com\/widgets.js\" charset=\"utf-8\"><\/script><\/p>\n","protected":false},"excerpt":{"rendered":"Silv\u00e2nia Aquino quebra sil\u00eancio sobre sa\u00edda do Calcinha Preta &#8211; Reprodu\u00e7\u00e3o\/Instagram Silv\u00e2nia Aquino quebra sil\u00eancio sobre sa\u00edda do&hellip;\n","protected":false},"author":2,"featured_media":153775,"comment_status":"","ping_status":"","sticky":false,"template":"","format":"standard","meta":{"footnotes":""},"categories":[145],"tags":[33140,211,210,114,115,32,33,33139],"class_list":{"0":"post-153774","1":"post","2":"type-post","3":"status-publish","4":"format-standard","5":"has-post-thumbnail","7":"category-celebridades","8":"tag-calcinha-preta","9":"tag-celebridades","10":"tag-celebrities","11":"tag-entertainment","12":"tag-entretenimento","13":"tag-portugal","14":"tag-pt","15":"tag-silvania-aquino"},"share_on_mastodon":{"url":"https:\/\/pubeurope.com\/@pt\/115559753544383112","error":""},"_links":{"self":[{"href":"https:\/\/www.europesays.com\/pt\/wp-json\/wp\/v2\/posts\/153774","targetHints":{"allow":["GET"]}}],"collection":[{"href":"https:\/\/www.europesays.com\/pt\/wp-json\/wp\/v2\/posts"}],"about":[{"href":"https:\/\/www.europesays.com\/pt\/wp-json\/wp\/v2\/types\/post"}],"author":[{"embeddable":true,"href":"https:\/\/www.europesays.com\/pt\/wp-json\/wp\/v2\/users\/2"}],"replies":[{"embeddable":true,"href":"https:\/\/www.europesays.com\/pt\/wp-json\/wp\/v2\/comments?post=153774"}],"version-history":[{"count":0,"href":"https:\/\/www.europesays.com\/pt\/wp-json\/wp\/v2\/posts\/153774\/revisions"}],"wp:featuredmedia":[{"embeddable":true,"href":"https:\/\/www.europesays.com\/pt\/wp-json\/wp\/v2\/media\/153775"}],"wp:attachment":[{"href":"https:\/\/www.europesays.com\/pt\/wp-json\/wp\/v2\/media?parent=153774"}],"wp:term":[{"taxonomy":"category","embeddable":true,"href":"https:\/\/www.europesays.com\/pt\/wp-json\/wp\/v2\/categories?post=153774"},{"taxonomy":"post_tag","embeddable":true,"href":"https:\/\/www.europesays.com\/pt\/wp-json\/wp\/v2\/tags?post=153774"}],"curies":[{"name":"wp","href":"https:\/\/api.w.org\/{rel}","templated":true}]}}