{"id":153777,"date":"2025-11-16T14:07:10","date_gmt":"2025-11-16T14:07:10","guid":{"rendered":"https:\/\/www.europesays.com\/pt\/153777\/"},"modified":"2025-11-16T14:07:10","modified_gmt":"2025-11-16T14:07:10","slug":"dua-lipa-e-shawn-mendes-sao-ministros-do-turismo-e-merecem-cpf-brincam-fas-brasileiros","status":"publish","type":"post","link":"https:\/\/www.europesays.com\/pt\/153777\/","title":{"rendered":"Dua Lipa e Shawn Mendes s\u00e3o &#8216;ministros do turismo&#8217; e &#8216;merecem CPF&#8217;, brincam f\u00e3s brasileiros"},"content":{"rendered":"\n<p class=\" content-text__container theme-color-primary-first-letter\" data-track-category=\"Link no Texto\" data-track-links=\"\"> <a class=\"\" href=\"https:\/\/oglobo.globo.com\/tudo-sobre\/personalidade\/shawn-mendes\/\" rel=\"nofollow noopener\" target=\"_blank\">Shawn Mendes<\/a> chegou ao Brasil h\u00e1 quase duas semanas, para se apresentar no Earthshot Prize 2025, premia\u00e7\u00e3o criada pelo <a class=\"\" href=\"https:\/\/oglobo.globo.com\/tudo-sobre\/personalidade\/principe-william\/\" rel=\"nofollow noopener\" target=\"_blank\">pr\u00edncipe William<\/a>. A cerim\u00f4nia, no dia 5, foi no Rio de Janeiro. Depois disso, j\u00e1 passou por Salvador (onde encontrou <a class=\"\" href=\"https:\/\/oglobo.globo.com\/tudo-sobre\/personalidade\/ivete-sangalo\" rel=\"nofollow noopener\" target=\"_blank\">Ivete Sangalo<\/a> e <a class=\"\" href=\"https:\/\/oglobo.globo.com\/tudo-sobre\/personalidade\/carlinhos-brown\/\" rel=\"nofollow noopener\" target=\"_blank\">Carlinhos Brown<\/a>), Bel\u00e9m (onde visitou uma aldeia ind\u00edgena) e S\u00e3o Paulo. <a class=\"\" href=\"https:\/\/oglobo.globo.com\/tudo-sobre\/personalidade\/dua-lipa\/\" rel=\"nofollow noopener\" target=\"_blank\">Dua Lipa<\/a>, que se apresentou na capital paulista esse s\u00e1bado (15) em show com participa\u00e7\u00e3o de Carlinhos e <a class=\"\" href=\"https:\/\/oglobo.globo.com\/tudo-sobre\/personalidade\/caetano-veloso\" rel=\"nofollow noopener\" target=\"_blank\">Caetano Veloso<\/a>, ainda n\u00e3o teve tempo de passear pelo pa\u00eds, mas suas passagens pelas outras paradas da turn\u00ea j\u00e1 d\u00e3o pistas de como ser\u00e3o os pr\u00f3ximos dias em solo brasileiro. Os dois, Shawn e Dua, viraram memes nas redes sociais. <\/p>\n<ul class=\"content-unordered-list\">\n<li><strong>Dan McGrath:<\/strong> <a class=\"\" href=\"https:\/\/oglobo.globo.com\/cultura\/noticia\/2025\/11\/16\/morre-dan-mcgrath-roteirista-vencedor-do-emmy-por-os-simpsons-aos-61-anos.ghtml\" rel=\"nofollow noopener\" target=\"_blank\">Morre roteirista vencedor do Emmy por \u2018Os Simpsons\u2019 aos 61 anos<\/a><\/li>\n<li><strong>&#8216;Namorado mais-que-perfeito&#8217;:<\/strong> <a class=\"\" href=\"https:\/\/oglobo.globo.com\/cultura\/noticia\/2025\/11\/16\/namorado-mais-que-perfeito-roberto-de-carvalho-faz-73-anos-e-recebe-homenagem-do-perfil-de-rita-lee-video.ghtml\" rel=\"nofollow noopener\" target=\"_blank\">Roberto de Carvalho faz 73 anos e recebe homenagem do perfil de Rita Lee<\/a><\/li>\n<\/ul>\n<p class=\" content-text__container \" data-track-category=\"Link no Texto\" data-track-links=\"\"> Para os f\u00e3s brasileiros, tanto Dua quanto Shawn podem ser &#8220;ministros do turismo do Brasil&#8221; e merecem ganhar CPF. <\/p>\n<p class=\" content-text__container \" data-track-category=\"Link no Texto\" data-track-links=\"\"> &#8220;O pr\u00f3ximo story do Shawn Mendes&#8221;, brincou uma internauta, com uma foto de um homem dentro de um carro em movimento, numa estrada, escrito &#8220;Vamos ali em Aracaju!!&#8221;. <\/p>\n<p class=\" content-text__container \" data-track-category=\"Link no Texto\" data-track-links=\"\"> &#8220;A Dua Lipa e o Shawn Mendes levaram artistas brasileiros para seus respectivos shows, tentam falar o m\u00e1ximo de portugu\u00eas que conseguem, aproveitam a nossa cultura e turismo, e ainda s\u00e3o uns queridos, eu amo meus g\u00eameos que amam o Brasil, eles t\u00e3o merecendo um CPF!&#8221;, publicou um f\u00e3. <\/p>\n<p>             <img decoding=\"async\" class=\"content-media__image\"  src=\"https:\/\/www.europesays.com\/pt\/wp-content\/uploads\/2025\/11\/g5zhtsfxgaa-a0z.jpeg\" alt=\"Dua Lipa e Shawn Menedes viram meme nas redes sociais \u2014 Foto: Reprodu\u00e7\u00e3o\/redes sociais\" width=\"1236\" height=\"1236\" loading=\"lazy\"\/>  Dua Lipa e Shawn Menedes viram meme nas redes sociais \u2014 Foto: Reprodu\u00e7\u00e3o\/redes sociais       <\/p>\n","protected":false},"excerpt":{"rendered":"Shawn Mendes chegou ao Brasil h\u00e1 quase duas semanas, para se apresentar no Earthshot Prize 2025, premia\u00e7\u00e3o criada&hellip;\n","protected":false},"author":2,"featured_media":153778,"comment_status":"","ping_status":"","sticky":false,"template":"","format":"standard","meta":{"footnotes":""},"categories":[141],"tags":[6202,1710,5002,33142,33141,12761,1639,114,115,319,9290,149,150,32,8696,33,318,33143,28283],"class_list":{"0":"post-153777","1":"post","2":"type-post","3":"status-publish","4":"format-standard","5":"has-post-thumbnail","7":"category-musica","8":"tag-caetano-veloso","9":"tag-cantor","10":"tag-cantor-e-compositor","11":"tag-cantora-baiana-estourou-nos-anos-90-na-banda-eva-depois","12":"tag-carlinhos-brown","13":"tag-compositor","14":"tag-dua-lipa","15":"tag-entertainment","16":"tag-entretenimento","17":"tag-hard-news","18":"tag-ivete-sangalo","19":"tag-music","20":"tag-musica","21":"tag-portugal","22":"tag-principe-william","23":"tag-pt","24":"tag-radar","25":"tag-seguiu-carreira-solo","26":"tag-shawn-mendes"},"share_on_mastodon":{"url":"https:\/\/pubeurope.com\/@pt\/115559769518093718","error":""},"_links":{"self":[{"href":"https:\/\/www.europesays.com\/pt\/wp-json\/wp\/v2\/posts\/153777","targetHints":{"allow":["GET"]}}],"collection":[{"href":"https:\/\/www.europesays.com\/pt\/wp-json\/wp\/v2\/posts"}],"about":[{"href":"https:\/\/www.europesays.com\/pt\/wp-json\/wp\/v2\/types\/post"}],"author":[{"embeddable":true,"href":"https:\/\/www.europesays.com\/pt\/wp-json\/wp\/v2\/users\/2"}],"replies":[{"embeddable":true,"href":"https:\/\/www.europesays.com\/pt\/wp-json\/wp\/v2\/comments?post=153777"}],"version-history":[{"count":0,"href":"https:\/\/www.europesays.com\/pt\/wp-json\/wp\/v2\/posts\/153777\/revisions"}],"wp:featuredmedia":[{"embeddable":true,"href":"https:\/\/www.europesays.com\/pt\/wp-json\/wp\/v2\/media\/153778"}],"wp:attachment":[{"href":"https:\/\/www.europesays.com\/pt\/wp-json\/wp\/v2\/media?parent=153777"}],"wp:term":[{"taxonomy":"category","embeddable":true,"href":"https:\/\/www.europesays.com\/pt\/wp-json\/wp\/v2\/categories?post=153777"},{"taxonomy":"post_tag","embeddable":true,"href":"https:\/\/www.europesays.com\/pt\/wp-json\/wp\/v2\/tags?post=153777"}],"curies":[{"name":"wp","href":"https:\/\/api.w.org\/{rel}","templated":true}]}}