{"id":153779,"date":"2025-11-16T14:09:15","date_gmt":"2025-11-16T14:09:15","guid":{"rendered":"https:\/\/www.europesays.com\/pt\/153779\/"},"modified":"2025-11-16T14:09:15","modified_gmt":"2025-11-16T14:09:15","slug":"pavlidis-substituido-apos-queixas-no-joelho-esquerdo","status":"publish","type":"post","link":"https:\/\/www.europesays.com\/pt\/153779\/","title":{"rendered":"Pavlidis substitu\u00eddo ap\u00f3s queixas no joelho esquerdo"},"content":{"rendered":"<p>                Pavlidis sentiu queixas no joelho esquerdo por volta dos 39 minutos e foi substitu\u00eddo aos 43 minutos, ainda na primeira parte do jogo. O jogador do Benfica saiu do relvado com queixas no joelho esquerdo, ap\u00f3s disputar um lance com um defesa escoc\u00eas.<\/p>\n<p>A gravidade exata da les\u00e3o ainda n\u00e3o \u00e9 conhecida e ser\u00e3o necess\u00e1rios exames m\u00e9dicos adicionais para determinar a extens\u00e3o do problema. Esta situa\u00e7\u00e3o representa mais um alerta para o Benfica e para o treinador Jos\u00e9 Mourinho.&#13;\n            <\/p>\n","protected":false},"excerpt":{"rendered":"Pavlidis sentiu queixas no joelho esquerdo por volta dos 39 minutos e foi substitu\u00eddo aos 43 minutos, ainda&hellip;\n","protected":false},"author":2,"featured_media":153780,"comment_status":"","ping_status":"","sticky":false,"template":"","format":"standard","meta":{"footnotes":""},"categories":[87],"tags":[135,13,32,33,420,421,134],"class_list":{"0":"post-153779","1":"post","2":"type-post","3":"status-publish","4":"format-standard","5":"has-post-thumbnail","7":"category-desporto","8":"tag-desporto","9":"tag-noticias","10":"tag-portugal","11":"tag-pt","12":"tag-rtp","13":"tag-rtp-noticias","14":"tag-sports"},"share_on_mastodon":{"url":"https:\/\/pubeurope.com\/@pt\/115559777275884374","error":""},"_links":{"self":[{"href":"https:\/\/www.europesays.com\/pt\/wp-json\/wp\/v2\/posts\/153779","targetHints":{"allow":["GET"]}}],"collection":[{"href":"https:\/\/www.europesays.com\/pt\/wp-json\/wp\/v2\/posts"}],"about":[{"href":"https:\/\/www.europesays.com\/pt\/wp-json\/wp\/v2\/types\/post"}],"author":[{"embeddable":true,"href":"https:\/\/www.europesays.com\/pt\/wp-json\/wp\/v2\/users\/2"}],"replies":[{"embeddable":true,"href":"https:\/\/www.europesays.com\/pt\/wp-json\/wp\/v2\/comments?post=153779"}],"version-history":[{"count":0,"href":"https:\/\/www.europesays.com\/pt\/wp-json\/wp\/v2\/posts\/153779\/revisions"}],"wp:featuredmedia":[{"embeddable":true,"href":"https:\/\/www.europesays.com\/pt\/wp-json\/wp\/v2\/media\/153780"}],"wp:attachment":[{"href":"https:\/\/www.europesays.com\/pt\/wp-json\/wp\/v2\/media?parent=153779"}],"wp:term":[{"taxonomy":"category","embeddable":true,"href":"https:\/\/www.europesays.com\/pt\/wp-json\/wp\/v2\/categories?post=153779"},{"taxonomy":"post_tag","embeddable":true,"href":"https:\/\/www.europesays.com\/pt\/wp-json\/wp\/v2\/tags?post=153779"}],"curies":[{"name":"wp","href":"https:\/\/api.w.org\/{rel}","templated":true}]}}