{"id":153787,"date":"2025-11-16T14:15:20","date_gmt":"2025-11-16T14:15:20","guid":{"rendered":"https:\/\/www.europesays.com\/pt\/153787\/"},"modified":"2025-11-16T14:15:20","modified_gmt":"2025-11-16T14:15:20","slug":"parto-foi-ajudado-por-bombeiro-motard-fora-de-servico","status":"publish","type":"post","link":"https:\/\/www.europesays.com\/pt\/153787\/","title":{"rendered":"parto foi ajudado por bombeiro motard fora de servi\u00e7o"},"content":{"rendered":"<p>Uma beb\u00e9 nasceu este s\u00e1bado <strong>dentro de um carro<\/strong>, na \u00e1rea de servi\u00e7o de <strong>Silves<\/strong>, na <strong>A22<\/strong>, enquanto os pais tentavam chegar ao hospital em plena passagem da depress\u00e3o <strong>Cl\u00e1udia<\/strong>, que afetou todo o Algarve com chuva intensa e ventos fortes.<\/p>\n<p>A m\u00e3e, residente na zona de <strong>Portim\u00e3o<\/strong>, seguia com o companheiro rumo a um hospital privado de <strong>Faro<\/strong>, depois de ter sido informada que as <strong>Urg\u00eancias de Obstetr\u00edcia e o bloco de partos de Portim\u00e3o estavam encerrados<\/strong>. A meio do trajeto, j\u00e1 com a tempestade no auge, a mulher entrou subitamente em trabalho de parto, obrigando o casal a parar na \u00e1rea de servi\u00e7o.<\/p>\n<p>Segundo o <strong><a href=\"https:\/\/www.cmjornal.pt\/sociedade\/detalhe\/bebe-nasce-dentro-de-carro-na-a22-no-algarve-em-dia-de-tempestade-claudia\" target=\"_blank\" rel=\"noreferrer noopener nofollow\">Correio da Manh\u00e3<\/a><\/strong>, o parto acabou por ser ajudado por um <strong>bombeiro motard da corpora\u00e7\u00e3o de Silves<\/strong>, que estava <strong>fora de servi\u00e7o<\/strong>, mas que se encontrava no local no momento cr\u00edtico.<\/p>\n<p>O nascimento da beb\u00e9, que se chama <strong>Lu\u00edsa<\/strong>, aconteceu no interior da viatura do casal, junto ao posto de combust\u00edvel.<\/p>\n<p>Em <strong><a href=\"https:\/\/www.facebook.com\/share\/v\/1ZZxJo8TqZ\/\" target=\"_blank\" rel=\"noreferrer noopener nofollow\">imagens que circulam nas redes sociais<\/a><\/strong> \u00e9 poss\u00edvel ver a m\u00e3e e a rec\u00e9m-nascida instantes depois do parto, ainda dentro do carro, enquanto a chuva ca\u00eda com intensidade.<\/p>\n<p>A m\u00e3e e a beb\u00e9 foram posteriormente assistidas pelo <strong>INEM<\/strong> e <strong>transportadas para o hospital de Faro<\/strong>, encontrando-se ambas bem.<\/p>\n<p>Este nascimento improv\u00e1vel, em plena autoestrada e em condi\u00e7\u00f5es meteorol\u00f3gicas adversas, volta a colocar em destaque a press\u00e3o sobre os servi\u00e7os de Obstetr\u00edcia no Algarve e o impacto dos sucessivos encerramentos nas desloca\u00e7\u00f5es das gr\u00e1vidas.<\/p>\n","protected":false},"excerpt":{"rendered":"Uma beb\u00e9 nasceu este s\u00e1bado dentro de um carro, na \u00e1rea de servi\u00e7o de Silves, na A22, enquanto&hellip;\n","protected":false},"author":2,"featured_media":153788,"comment_status":"","ping_status":"","sticky":false,"template":"","format":"standard","meta":{"footnotes":""},"categories":[10],"tags":[33144,2557,27,28,3981,9475,15,16,14,25,26,21,22,12,13,19,20,22548,10765,32,23,24,33,17,18,29,30,31],"class_list":{"0":"post-153787","1":"post","2":"type-post","3":"status-publish","4":"format-standard","5":"has-post-thumbnail","7":"category-portugal","8":"tag-a22","9":"tag-bebe","10":"tag-breaking-news","11":"tag-breakingnews","12":"tag-carro","13":"tag-faro","14":"tag-featured-news","15":"tag-featurednews","16":"tag-headlines","17":"tag-latest-news","18":"tag-latestnews","19":"tag-main-news","20":"tag-mainnews","21":"tag-news","22":"tag-noticias","23":"tag-noticias-principais","24":"tag-noticiasprincipais","25":"tag-parto","26":"tag-portimao","27":"tag-portugal","28":"tag-principais-noticias","29":"tag-principaisnoticias","30":"tag-pt","31":"tag-top-stories","32":"tag-topstories","33":"tag-ultimas","34":"tag-ultimas-noticias","35":"tag-ultimasnoticias"},"share_on_mastodon":{"url":"https:\/\/pubeurope.com\/@pt\/115559800695994855","error":""},"_links":{"self":[{"href":"https:\/\/www.europesays.com\/pt\/wp-json\/wp\/v2\/posts\/153787","targetHints":{"allow":["GET"]}}],"collection":[{"href":"https:\/\/www.europesays.com\/pt\/wp-json\/wp\/v2\/posts"}],"about":[{"href":"https:\/\/www.europesays.com\/pt\/wp-json\/wp\/v2\/types\/post"}],"author":[{"embeddable":true,"href":"https:\/\/www.europesays.com\/pt\/wp-json\/wp\/v2\/users\/2"}],"replies":[{"embeddable":true,"href":"https:\/\/www.europesays.com\/pt\/wp-json\/wp\/v2\/comments?post=153787"}],"version-history":[{"count":0,"href":"https:\/\/www.europesays.com\/pt\/wp-json\/wp\/v2\/posts\/153787\/revisions"}],"wp:featuredmedia":[{"embeddable":true,"href":"https:\/\/www.europesays.com\/pt\/wp-json\/wp\/v2\/media\/153788"}],"wp:attachment":[{"href":"https:\/\/www.europesays.com\/pt\/wp-json\/wp\/v2\/media?parent=153787"}],"wp:term":[{"taxonomy":"category","embeddable":true,"href":"https:\/\/www.europesays.com\/pt\/wp-json\/wp\/v2\/categories?post=153787"},{"taxonomy":"post_tag","embeddable":true,"href":"https:\/\/www.europesays.com\/pt\/wp-json\/wp\/v2\/tags?post=153787"}],"curies":[{"name":"wp","href":"https:\/\/api.w.org\/{rel}","templated":true}]}}