{"id":15379,"date":"2025-08-04T11:03:25","date_gmt":"2025-08-04T11:03:25","guid":{"rendered":"https:\/\/www.europesays.com\/pt\/15379\/"},"modified":"2025-08-04T11:03:25","modified_gmt":"2025-08-04T11:03:25","slug":"anticiclone-muito-intenso-vai-trazer-nova-vaga-de-calor-dentro-de-dias","status":"publish","type":"post","link":"https:\/\/www.europesays.com\/pt\/15379\/","title":{"rendered":"&#8220;Anticiclone muito intenso&#8221; vai trazer nova vaga de calor dentro de dias"},"content":{"rendered":"<p>\t                Agosto pode vir a ser &#8220;o mais quente dos \u00faltimos 15 a 20 anos&#8221; em Portugal<\/p>\n<p>O m\u00eas de agosto pode vir a ser &#8220;o mais quente dos \u00faltimos 15 a 20 anos&#8221; em Portugal. Quem o diz \u00e9 o climatologista M\u00e1rio Marques, em entrevista \u00e0 CNN Portugal, adiantando que este cen\u00e1rio acontece &#8220;n\u00e3o s\u00f3 pelas temperaturas m\u00e1ximas, mas sobretudo pelas m\u00ednimas&#8221;.<\/p>\n<p data-end=\"407\" data-start=\"99\">\u201cPoder\u00e1 ser o agosto mais quente dos \u00faltimos 15, 20 anos, em termos gerais, sobretudo em termos de temperaturas m\u00ednimas, tamb\u00e9m em temperatura m\u00e1xima&#8221;, afirmou o climatologista.<\/p>\n<p data-end=\"407\" data-start=\"99\">Segundo M\u00e1rio Marques, \u00e9 esperado um novo &#8220;agravamento do calor&#8221; a partir do dia dez, uma vez que &#8220;temos um anticiclone muito intenso&#8221;.<\/p>\n<p data-end=\"407\" data-start=\"99\">&#8220;Poderemos depois ter um novo agravamento a partir do dia 10 que poder\u00e1 durar pelo menos at\u00e9 ao dia 13 com um novo aumento das temperaturas, uma vez que temos um anticiclone muito intenso que pode retroceder, oscilar de posi\u00e7\u00e3o, mas vai ser medido ao presente. Mas h\u00e1 aqui uma quest\u00e3o, o tempo seco poder\u00e1 perdurar pelo menos at\u00e9 \u00e0 \u00faltima semana de agosto&#8221;, explicou<\/p>\n<p>Os cinco distritos mais a norte de Portugal continental est\u00e3o sob aviso vermelho, o m\u00e1ximo, devido \u00e0 persist\u00eancia de valores extremamente elevados da temperatura m\u00e1xima. Para al\u00e9m disso, Portugal continental est\u00e1 desde domingo e at\u00e9 quinta-feira em situa\u00e7\u00e3o de alerta, devido ao elevado risco de inc\u00eandio.<\/p>\n<p>Para esta segunda-feira \u00e9 esperado tempo quente e c\u00e9u pouco nublado ou limpo, com mais nebulosidade no barlavento algarvio, vento em geral fraco, temporariamente moderado a forte no Algarve. Est\u00e1 prevista uma descida da temperatura m\u00e1xima no Sul.\u00a0\u00c9vora ser\u00e1 a regi\u00e3o mais quente, com 40\u00ba Celsius, e Faro a menos quente, com 28\u00ba.<\/p>\n","protected":false},"excerpt":{"rendered":"Agosto pode vir a ser &#8220;o mais quente dos \u00faltimos 15 a 20 anos&#8221; em Portugal O m\u00eas&hellip;\n","protected":false},"author":2,"featured_media":15380,"comment_status":"","ping_status":"","sticky":false,"template":"","format":"standard","meta":{"footnotes":""},"categories":[10],"tags":[609,836,611,4835,27,28,607,608,333,832,604,135,610,476,15,16,301,830,14,603,25,26,570,21,22,831,833,6104,62,834,12,13,19,20,4111,835,602,52,32,1429,23,24,33,6105,17,18,29,30,31],"class_list":{"0":"post-15379","1":"post","2":"type-post","3":"status-publish","4":"format-standard","5":"has-post-thumbnail","7":"category-portugal","8":"tag-alerta","9":"tag-analise","10":"tag-ao-minuto","11":"tag-aviso-calor","12":"tag-breaking-news","13":"tag-breakingnews","14":"tag-cnn","15":"tag-cnn-portugal","16":"tag-comentadores","17":"tag-costa","18":"tag-crime","19":"tag-desporto","20":"tag-direto","21":"tag-economia","22":"tag-featured-news","23":"tag-featurednews","24":"tag-governo","25":"tag-guerra","26":"tag-headlines","27":"tag-justica","28":"tag-latest-news","29":"tag-latestnews","30":"tag-live","31":"tag-main-news","32":"tag-mainnews","33":"tag-mais-vistas","34":"tag-marcelo","35":"tag-meteorologia-ipma","36":"tag-mundo","37":"tag-negocios","38":"tag-news","39":"tag-noticias","40":"tag-noticias-principais","41":"tag-noticiasprincipais","42":"tag-onda-de-calor","43":"tag-opiniao","44":"tag-pais","45":"tag-politica","46":"tag-portugal","47":"tag-previsao-do-tempo","48":"tag-principais-noticias","49":"tag-principaisnoticias","50":"tag-pt","51":"tag-temperaturas-agosto","52":"tag-top-stories","53":"tag-topstories","54":"tag-ultimas","55":"tag-ultimas-noticias","56":"tag-ultimasnoticias"},"share_on_mastodon":{"url":"","error":""},"_links":{"self":[{"href":"https:\/\/www.europesays.com\/pt\/wp-json\/wp\/v2\/posts\/15379","targetHints":{"allow":["GET"]}}],"collection":[{"href":"https:\/\/www.europesays.com\/pt\/wp-json\/wp\/v2\/posts"}],"about":[{"href":"https:\/\/www.europesays.com\/pt\/wp-json\/wp\/v2\/types\/post"}],"author":[{"embeddable":true,"href":"https:\/\/www.europesays.com\/pt\/wp-json\/wp\/v2\/users\/2"}],"replies":[{"embeddable":true,"href":"https:\/\/www.europesays.com\/pt\/wp-json\/wp\/v2\/comments?post=15379"}],"version-history":[{"count":0,"href":"https:\/\/www.europesays.com\/pt\/wp-json\/wp\/v2\/posts\/15379\/revisions"}],"wp:featuredmedia":[{"embeddable":true,"href":"https:\/\/www.europesays.com\/pt\/wp-json\/wp\/v2\/media\/15380"}],"wp:attachment":[{"href":"https:\/\/www.europesays.com\/pt\/wp-json\/wp\/v2\/media?parent=15379"}],"wp:term":[{"taxonomy":"category","embeddable":true,"href":"https:\/\/www.europesays.com\/pt\/wp-json\/wp\/v2\/categories?post=15379"},{"taxonomy":"post_tag","embeddable":true,"href":"https:\/\/www.europesays.com\/pt\/wp-json\/wp\/v2\/tags?post=15379"}],"curies":[{"name":"wp","href":"https:\/\/api.w.org\/{rel}","templated":true}]}}