{"id":153793,"date":"2025-11-16T14:22:17","date_gmt":"2025-11-16T14:22:17","guid":{"rendered":"https:\/\/www.europesays.com\/pt\/153793\/"},"modified":"2025-11-16T14:22:17","modified_gmt":"2025-11-16T14:22:17","slug":"radio-educadora-90-3-fm-taio-participa-de-acoes-voltadas-a-inovacao-e-ao-varejo","status":"publish","type":"post","link":"https:\/\/www.europesays.com\/pt\/153793\/","title":{"rendered":"R\u00e1dio Educadora 90.3 FM \u00bb Tai\u00f3 participa de a\u00e7\u00f5es voltadas \u00e0 inova\u00e7\u00e3o e ao varejo"},"content":{"rendered":"<p>                                <a href=\"\" title=\"Tai\u00f3 participa de a\u00e7\u00f5es voltadas \u00e0 inova\u00e7\u00e3o e ao varejo\">&#13;<br \/>\n                                    <img decoding=\"async\" alt=\"Fotos: Prefeitura de Tai\u00f3 \/ Divulga\u00e7\u00e3o\" title=\"Tai\u00f3 participa de a\u00e7\u00f5es voltadas \u00e0 inova\u00e7\u00e3o e ao varejo\" src=\"https:\/\/www.europesays.com\/pt\/wp-content\/uploads\/2025\/11\/whatsapp-image-2025-11-14-at-17-16-02-800x445-1.jpeg\" class=\"size-full\"\/>&#13;<br \/>\n                                <\/a><\/p>\n<p class=\"wp-caption-text\">Fotos: Prefeitura de Tai\u00f3 \/ Divulga\u00e7\u00e3o<\/p>\n<p>O\u00a0Secretaria de Planejamento de Tai\u00f3\u00a0participou de duas importantes iniciativas durante o m\u00eas de novembro, com foco no fortalecimento da inova\u00e7\u00e3o e na qualifica\u00e7\u00e3o do com\u00e9rcio local. As a\u00e7\u00f5es refor\u00e7am o compromisso da gest\u00e3o municipal com o empreendedorismo e o desenvolvimento econ\u00f4mico sustent\u00e1vel.<\/p>\n<p>\u00a0<\/p>\n<p>Visita ao Centro de Inova\u00e7\u00e3o de Rio do Sul<\/p>\n<p>\u00a0<\/p>\n<p>No dia 7 de novembro, representantes da Prefeitura de Tai\u00f3 realizaram uma visita t\u00e9cnica ao\u00a0Centro de Inova\u00e7\u00e3o Norberto Frahm (CINF), em Rio do Sul. Estiveram presentes o secret\u00e1rio de Planejamento, o diretor da Ind\u00fastria e Com\u00e9rcio, Douglas, e o gerente de Pol\u00edticas P\u00fablicas,\u00a0Jo\u00e3o Tadeu Corr\u00eaa.<\/p>\n<p>\u00a0<\/p>\n<p>Durante o encontro, foram discutidas oportunidades de\u00a0parcerias, troca de experi\u00eancias e a\u00e7\u00f5es para fomentar startups e neg\u00f3cios inovadores. A equipe foi recebida pela coordena\u00e7\u00e3o do CINF, que apresentou programas de acelera\u00e7\u00e3o, mentorias e eventos voltados ao crescimento de ideias empreendedoras.<\/p>\n<p>\u00a0<\/p>\n<p>Tai\u00f3 avan\u00e7a na constru\u00e7\u00e3o do marco legal da inova\u00e7\u00e3o<\/p>\n<p>\u00a0<\/p>\n<p>A visita ao CINF integra a agenda estrat\u00e9gica da Prefeitura para a implanta\u00e7\u00e3o do\u00a0marco legal de inova\u00e7\u00e3o em Tai\u00f3. De acordo com o prefeito\u00a0Aristides Eloi Valentini, a proposta \u00e9 incluir a inova\u00e7\u00e3o como eixo das pol\u00edticas p\u00fablicas locais.<\/p>\n<p>\u00a0<\/p>\n<p>\u201cEstamos estruturando o marco legal da inova\u00e7\u00e3o para que Tai\u00f3 seja inclu\u00edda na agenda das pol\u00edticas p\u00fablicas com foco em desenvolvimento econ\u00f4mico sustent\u00e1vel. Esta \u00e9 uma diretriz da nossa gest\u00e3o, que tem a inova\u00e7\u00e3o como prioridade\u201d, afirmou o prefeito.<\/p>\n<p>\u00a0<\/p>\n<p>Oficina de Vitrinismo qualifica com\u00e9rcio local<\/p>\n<p>\u00a0<\/p>\n<p>No dia 12 de novembro, a Sala do Empreendedor de Tai\u00f3, em parceria com o Sebrae e a CDL, promoveu uma oficina de vitrinismo voltada aos lojistas do munic\u00edpio. O encontro ocorreu na sede da CDL e teve como palestrante a especialista Gessika Godoi.<\/p>\n<p>\u00a0<\/p>\n<p>Participaram do evento o prefeito Aristides Eloi Valentini, o diretor da CDL, o gerente de PPP Jo\u00e3o Tadeu Corr\u00eaa, o servidor Alan Samuel Pereira e o chefe de gabinete\u00a0Gladimir Trentini.<\/p>\n<p>\u00a0<\/p>\n<p>A oficina trouxe orienta\u00e7\u00f5es pr\u00e1ticas para organiza\u00e7\u00e3o de vitrines, comportamento do consumidor e estrat\u00e9gias de atra\u00e7\u00e3o no ponto de venda. \u201cFoi um evento muito qualificado e que reafirma as parcerias com as entidades envolvidas\u201d, destacaram os organizadores.<\/p>\n<p>\u00a0<\/p>\n<p>                Fonte: Prefeitura de Tai\u00f3                <\/p>\n","protected":false},"excerpt":{"rendered":"&#13; &#13; Fotos: Prefeitura de Tai\u00f3 \/ Divulga\u00e7\u00e3o O\u00a0Secretaria de Planejamento de Tai\u00f3\u00a0participou de duas importantes iniciativas durante&hellip;\n","protected":false},"author":2,"featured_media":153794,"comment_status":"","ping_status":"","sticky":false,"template":"","format":"standard","meta":{"footnotes":""},"categories":[141],"tags":[114,115,149,150,32,33],"class_list":{"0":"post-153793","1":"post","2":"type-post","3":"status-publish","4":"format-standard","5":"has-post-thumbnail","7":"category-musica","8":"tag-entertainment","9":"tag-entretenimento","10":"tag-music","11":"tag-musica","12":"tag-portugal","13":"tag-pt"},"share_on_mastodon":{"url":"https:\/\/pubeurope.com\/@pt\/115559828358906412","error":""},"_links":{"self":[{"href":"https:\/\/www.europesays.com\/pt\/wp-json\/wp\/v2\/posts\/153793","targetHints":{"allow":["GET"]}}],"collection":[{"href":"https:\/\/www.europesays.com\/pt\/wp-json\/wp\/v2\/posts"}],"about":[{"href":"https:\/\/www.europesays.com\/pt\/wp-json\/wp\/v2\/types\/post"}],"author":[{"embeddable":true,"href":"https:\/\/www.europesays.com\/pt\/wp-json\/wp\/v2\/users\/2"}],"replies":[{"embeddable":true,"href":"https:\/\/www.europesays.com\/pt\/wp-json\/wp\/v2\/comments?post=153793"}],"version-history":[{"count":0,"href":"https:\/\/www.europesays.com\/pt\/wp-json\/wp\/v2\/posts\/153793\/revisions"}],"wp:featuredmedia":[{"embeddable":true,"href":"https:\/\/www.europesays.com\/pt\/wp-json\/wp\/v2\/media\/153794"}],"wp:attachment":[{"href":"https:\/\/www.europesays.com\/pt\/wp-json\/wp\/v2\/media?parent=153793"}],"wp:term":[{"taxonomy":"category","embeddable":true,"href":"https:\/\/www.europesays.com\/pt\/wp-json\/wp\/v2\/categories?post=153793"},{"taxonomy":"post_tag","embeddable":true,"href":"https:\/\/www.europesays.com\/pt\/wp-json\/wp\/v2\/tags?post=153793"}],"curies":[{"name":"wp","href":"https:\/\/api.w.org\/{rel}","templated":true}]}}