{"id":153824,"date":"2025-11-16T14:50:39","date_gmt":"2025-11-16T14:50:39","guid":{"rendered":"https:\/\/www.europesays.com\/pt\/153824\/"},"modified":"2025-11-16T14:50:39","modified_gmt":"2025-11-16T14:50:39","slug":"o-recorde-que-o-filme-do-michael-jackson-quebrou-antes-de-ser-lancado","status":"publish","type":"post","link":"https:\/\/www.europesays.com\/pt\/153824\/","title":{"rendered":"O recorde que o filme do Michael Jackson quebrou antes de ser lan\u00e7ado"},"content":{"rendered":"<p><img decoding=\"async\" class=\"gzw-vertical-img\" src=\"https:\/\/www.europesays.com\/pt\/wp-content\/uploads\/2025\/11\/O-recorde-que-o-filme-do-Michael-Jackson-quebrou-a-00855260-b04d36388f65753b13fdf3388b62b1d5-6.webp\" alt=\"&#13;&#10;&#9;&#9;&#9;&#9;O recorde que o filme do Michael Jackson quebrou antes de ser lan&#xE7;ado&#13;&#10;&#9;&#9;&#9;&#13;&#10;&#9;&#9;&#9;\"\/>Trailer alcan\u00e7ou 116,2 milh\u00f5es de visualiza\u00e7\u00f5es nas primeiras 24 horas. Divulga\u00e7\u00e3o\/Lionsgate<\/p>\n<p>A produtora Lionsgate divulgou, na \u00faltima quinta-feira (6\/11), as primeiras imagens da cinebiografia de Michael Jackson. Mesmo antes da estreia, prevista para 24 de abril de 2026, o longa j\u00e1 fez hist\u00f3ria ao bater um recorde impressionante.<\/p>\n<p>Tudo em um s\u00f3 lugar.<\/p>\n<p>Receba not\u00edcias da GazetaWeb no seu <b>WhatsApp<\/b> e fique por dentro de tudo!<\/p>\n<p><a href=\"https:\/\/chat.whatsapp.com\/Ift8Of86Q8CFaauG7hssKy\" rel=\"nofollow noopener\" target=\"_blank\">ACESSE O GRUPO &gt;<\/a><img decoding=\"async\" loading=\"lazy\" src=\"https:\/\/www.europesays.com\/pt\/wp-content\/uploads\/2025\/08\/canal_whatsapp.png\" alt=\"Aplicativo na whatsapp Store\"\/><\/p>\n<p>O trailer alcan\u00e7ou 116,2 milh\u00f5es de visualiza\u00e7\u00f5es nas primeiras 24 horas, tornando-se o teaser mais assistido entre cinebiografias musicais e mais visto da hist\u00f3ria da Lionsgate. Os dados s\u00e3o da empresa de an\u00e1lise WaveMetrix.<\/p>\n<p>Leia tamb\u00e9m<\/p>\n<p>Com o feito, o filme superou trailers de produ\u00e7\u00f5es como Taylor Swift: The Eras Tour (2023), que registrou 96,1 milh\u00f5es de visualiza\u00e7\u00f5es, e Bob Marley: One Love (2024), com 60,1 milh\u00f5es.<\/p>\n<p>Confira a reportagem completa do Metr\u00f3poles clicando <a href=\"https:\/\/www.metropoles.com\/entretenimento\/cinema\/o-recorde-que-o-filme-do-michael-jackson-quebrou-antes-de-ser-lancado\" target=\"_blank\" data-rel-defined=\"\" rel=\"nofollow noopener\">aqui<\/a><\/p>\n<p>App <b>+Gazeta<\/b><\/p>\n<p>Confira not\u00edcias no app, ou\u00e7a a r\u00e1dio, leia a edi\u00e7\u00e3o digital e acesse outros recursos<\/p>\n<p><a aria-label=\"baixar aplicativo na google play\" href=\"https:\/\/play.google.com\/store\/apps\/details?id=br.com.gazetadealagoas.plus.app&amp;pcampaignid=web_share\" rel=\"nofollow noopener\" target=\"_blank\"><img decoding=\"async\" loading=\"lazy\" style=\"object-fit:cover\" src=\"https:\/\/www.europesays.com\/pt\/wp-content\/uploads\/2025\/08\/google-play-original.webp.webp\" width=\"120\" height=\"35\" alt=\"Aplicativo na Google Play\"\/><\/a> <a aria-label=\"baixar aplicativo na app store\" href=\"https:\/\/apps.apple.com\/br\/app\/gazeta\/id6479646633\" rel=\"nofollow noopener\" target=\"_blank\"><img decoding=\"async\" loading=\"lazy\" style=\"object-fit:cover\" src=\"https:\/\/www.europesays.com\/pt\/wp-content\/uploads\/2025\/08\/app-store-original.webp.webp\" width=\"120\" height=\"35\" alt=\"Aplicativo na App Store\"\/><\/a><img decoding=\"async\" loading=\"lazy\" src=\"https:\/\/www.europesays.com\/pt\/wp-content\/uploads\/2025\/08\/app_gazeta.png\" width=\"120\" height=\"35\" alt=\"Aplicativo na App Store\"\/><\/p>\n","protected":false},"excerpt":{"rendered":"Trailer alcan\u00e7ou 116,2 milh\u00f5es de visualiza\u00e7\u00f5es nas primeiras 24 horas. Divulga\u00e7\u00e3o\/Lionsgate A produtora Lionsgate divulgou, na \u00faltima quinta-feira&hellip;\n","protected":false},"author":2,"featured_media":153825,"comment_status":"","ping_status":"","sticky":false,"template":"","format":"standard","meta":{"footnotes":""},"categories":[141],"tags":[114,115,149,150,32,33],"class_list":{"0":"post-153824","1":"post","2":"type-post","3":"status-publish","4":"format-standard","5":"has-post-thumbnail","7":"category-musica","8":"tag-entertainment","9":"tag-entretenimento","10":"tag-music","11":"tag-musica","12":"tag-portugal","13":"tag-pt"},"share_on_mastodon":{"url":"https:\/\/pubeurope.com\/@pt\/115559938709608680","error":""},"_links":{"self":[{"href":"https:\/\/www.europesays.com\/pt\/wp-json\/wp\/v2\/posts\/153824","targetHints":{"allow":["GET"]}}],"collection":[{"href":"https:\/\/www.europesays.com\/pt\/wp-json\/wp\/v2\/posts"}],"about":[{"href":"https:\/\/www.europesays.com\/pt\/wp-json\/wp\/v2\/types\/post"}],"author":[{"embeddable":true,"href":"https:\/\/www.europesays.com\/pt\/wp-json\/wp\/v2\/users\/2"}],"replies":[{"embeddable":true,"href":"https:\/\/www.europesays.com\/pt\/wp-json\/wp\/v2\/comments?post=153824"}],"version-history":[{"count":0,"href":"https:\/\/www.europesays.com\/pt\/wp-json\/wp\/v2\/posts\/153824\/revisions"}],"wp:featuredmedia":[{"embeddable":true,"href":"https:\/\/www.europesays.com\/pt\/wp-json\/wp\/v2\/media\/153825"}],"wp:attachment":[{"href":"https:\/\/www.europesays.com\/pt\/wp-json\/wp\/v2\/media?parent=153824"}],"wp:term":[{"taxonomy":"category","embeddable":true,"href":"https:\/\/www.europesays.com\/pt\/wp-json\/wp\/v2\/categories?post=153824"},{"taxonomy":"post_tag","embeddable":true,"href":"https:\/\/www.europesays.com\/pt\/wp-json\/wp\/v2\/tags?post=153824"}],"curies":[{"name":"wp","href":"https:\/\/api.w.org\/{rel}","templated":true}]}}