{"id":153826,"date":"2025-11-16T14:51:12","date_gmt":"2025-11-16T14:51:12","guid":{"rendered":"https:\/\/www.europesays.com\/pt\/153826\/"},"modified":"2025-11-16T14:51:12","modified_gmt":"2025-11-16T14:51:12","slug":"zack-snyder-publica-foto-do-batman-e-diz-estou-apenas-comecando","status":"publish","type":"post","link":"https:\/\/www.europesays.com\/pt\/153826\/","title":{"rendered":"Zack Snyder publica foto do Batman e diz: &#8220;estou apenas come\u00e7ando&#8221;"},"content":{"rendered":"<p>  <img decoding=\"async\" src=\"https:\/\/cdn.ome.lt\/static\/omelete\/img\/loading.svg\" alt=\"\"\/><\/p>\n<p>  <img decoding=\"async\" class=\"article__cover__image\" data-lazy-src-mob=\"\/\/cdn.ome.lt\/xvk2C0eqSrlKX4vFUannxym7p-E=\/570x0\/smart\/filters:format(webp)\/uploads\/conteudo\/fotos\/img-1023071-batman-vs-superman-ben-affleck-e-batmovel.jpg\" data-lazy-src=\"https:\/\/cdn.ome.lt\/63QCBGcV5LH9uv9i_CuVZRkAZMY=\/987x0\/smart\/filters:format(webp)\/uploads\/conteudo\/fotos\/img-1023071-batman-vs-superman-ben-affleck-e-batmovel.jpg\" src=\"data:image\/png;base64,iVBORw0KGgoAAAANSUhEUgAAAAEAAAABCAQAAAC1HAwCAAAAC0lEQVR42mNkYAAAAAYAAjCB0C8AAAAASUVORK5CYII=\" alt=\"Ben Affleck Batman\" title=\"Ben Affleck Batman\" width=\"987\" height=\"555\" fetchpriority=\"high\"\/><\/p>\n<p class=\"article__cover__credits\">\n  Cr\u00e9ditos da imagem:<br \/>\n  Reprodu\u00e7\u00e3o\n<\/p>\n<p>O cineasta <strong>Zack Snyder<\/strong> compartilhou em seu Instagram uma foto in\u00e9dita de <strong>Ben Affleck<\/strong> como Batman, feita durante as filmagens de <strong>Batman v Superman: A Origem da Justi\u00e7a<\/strong>\u00a0(2016). A imagem em preto e branco foi capturada com uma c\u00e2mera Leica Monochrom e marcou a celebra\u00e7\u00e3o de 300 mil seguidores em seu perfil, criado h\u00e1 seis semanas.<\/p>\n<p>&#8220;Obrigado por 300.000 seguidores. Tem sido divertido estar aqui estas seis semanas, e estou apenas come\u00e7ando&#8221;, escreveu Snyder na legenda, alimentando especula\u00e7\u00f5es entre f\u00e3s sobre poss\u00edveis projetos futuros.<\/p>\n<p>            Continua depois da Publicidade<\/p>\n<p>Em entrevista no ano passado, Snyder havia se mostrado aberto a trabalhar no novo <strong>DCU<\/strong> sob condi\u00e7\u00f5es espec\u00edficas: &#8220;Se os personagens forem tratados com rever\u00eancia e corre\u00e7\u00e3o mitol\u00f3gica, eu topo. Estou dentro&#8221;. <strong>James Gunn<\/strong>, atual co-CEO da <strong>DC Studios<\/strong>, confirmou que mant\u00e9m contato com Snyder e que o cineasta tem sido &#8220;incrivelmente solid\u00e1rio&#8221; com a nova dire\u00e7\u00e3o.<\/p>\n<p>Recentemente, Snyder publicou v\u00e1rias fotos do seu per\u00edodo como diretor no DCU, como imagens de\u00a0<strong>Jared Leto\u00a0<\/strong>e\u00a0<strong>Henry Cavill<\/strong> nos seus filmes.\u00a0<\/p>\n","protected":false},"excerpt":{"rendered":"Cr\u00e9ditos da imagem: Reprodu\u00e7\u00e3o O cineasta Zack Snyder compartilhou em seu Instagram uma foto in\u00e9dita de Ben Affleck&hellip;\n","protected":false},"author":2,"featured_media":153827,"comment_status":"","ping_status":"","sticky":false,"template":"","format":"standard","meta":{"footnotes":""},"categories":[140],"tags":[114,115,147,148,146,32,33],"class_list":{"0":"post-153826","1":"post","2":"type-post","3":"status-publish","4":"format-standard","5":"has-post-thumbnail","7":"category-filmes","8":"tag-entertainment","9":"tag-entretenimento","10":"tag-film","11":"tag-filmes","12":"tag-movies","13":"tag-portugal","14":"tag-pt"},"share_on_mastodon":{"url":"https:\/\/pubeurope.com\/@pt\/115559942430207258","error":""},"_links":{"self":[{"href":"https:\/\/www.europesays.com\/pt\/wp-json\/wp\/v2\/posts\/153826","targetHints":{"allow":["GET"]}}],"collection":[{"href":"https:\/\/www.europesays.com\/pt\/wp-json\/wp\/v2\/posts"}],"about":[{"href":"https:\/\/www.europesays.com\/pt\/wp-json\/wp\/v2\/types\/post"}],"author":[{"embeddable":true,"href":"https:\/\/www.europesays.com\/pt\/wp-json\/wp\/v2\/users\/2"}],"replies":[{"embeddable":true,"href":"https:\/\/www.europesays.com\/pt\/wp-json\/wp\/v2\/comments?post=153826"}],"version-history":[{"count":0,"href":"https:\/\/www.europesays.com\/pt\/wp-json\/wp\/v2\/posts\/153826\/revisions"}],"wp:featuredmedia":[{"embeddable":true,"href":"https:\/\/www.europesays.com\/pt\/wp-json\/wp\/v2\/media\/153827"}],"wp:attachment":[{"href":"https:\/\/www.europesays.com\/pt\/wp-json\/wp\/v2\/media?parent=153826"}],"wp:term":[{"taxonomy":"category","embeddable":true,"href":"https:\/\/www.europesays.com\/pt\/wp-json\/wp\/v2\/categories?post=153826"},{"taxonomy":"post_tag","embeddable":true,"href":"https:\/\/www.europesays.com\/pt\/wp-json\/wp\/v2\/tags?post=153826"}],"curies":[{"name":"wp","href":"https:\/\/api.w.org\/{rel}","templated":true}]}}