{"id":153828,"date":"2025-11-16T14:52:09","date_gmt":"2025-11-16T14:52:09","guid":{"rendered":"https:\/\/www.europesays.com\/pt\/153828\/"},"modified":"2025-11-16T14:52:09","modified_gmt":"2025-11-16T14:52:09","slug":"mundial2026-portugal-armenia","status":"publish","type":"post","link":"https:\/\/www.europesays.com\/pt\/153828\/","title":{"rendered":"Mundial2026. Portugal &#8211; Arm\u00e9nia"},"content":{"rendered":"<p>&#13;<br \/>\n<b>Diogo Costa, N\u00e9lson Semedo, R\u00faben Dias, Renato Veiga, Jo\u00e3o Cancelo, Jo\u00e3o Neves, Vitinha, Bruno Fernandes, Bernardo Silva, Gon\u00e7alo Ramos e Rafael Le\u00e3o<\/b> foram os nomes avan\u00e7ados \u00e0 RTP por Roberto Mart\u00ednez.&#13;\n<\/p>\n<p>&#13;<br \/>\nO avan\u00e7ado Cristiano Ronaldo est\u00e1 fora do onze depois de, no jogo com a Rep\u00fablica da Irlanda, ter recebido um cart\u00e3o vermelho que lhe valeu a expuls\u00e3o.&#13;\n<\/p>\n<p>&#13;<br \/>\nA FPF est\u00e1 a preparar uma exposi\u00e7\u00e3o \u00e0 FIFA para evitar que CR7 seja suspenso por mais do que um jogo.<br \/>&#13;\n<\/p>\n<p>\nEm declara\u00e7\u00f5es \u00e0 RTP esta tarde, o selecionador falou da derrota por 2-0 frente \u00e0 Irlanda, dizendo que as horas seguintes a esse jogo foram focadas na \u201cauto-cr\u00edtica\u201d para avaliar \u201co que fizemos bem e o que fizemos mal\u201d.<\/p>\n<p>\u201cFoi um mau desempenho, mas eu gostava de lembrar que quando nos apur\u00e1mos para o Europeu ganh\u00e1mos dez jogos e a equipa n\u00e3o estava preparada para um torneio onde precisa de momentos maus, de resili\u00eancia\u201d, frisou.<br \/>&#13;\n<\/p>\n<p>          <img decoding=\"async\" itemprop=\"image\" class=\"img-fluid\"   src=\"https:\/\/www.europesays.com\/pt\/wp-content\/uploads\/2025\/11\/1763304729_767_6ab7de728f1988b4a61ec3e5e3351c75_N.jpg\"\/><\/p>\n<p>&#13;<br \/>\n\u201cA rea\u00e7\u00e3o da equipa foi muito boa, os treinos cheios de energia\u201d, acrescentou Mart\u00ednez. <b>\u201cAgora estamos preparados para defrontar a Arm\u00e9nia em Casa\u201d<\/b>.&#13;\n<\/p>\n<p>O respons\u00e1vel real\u00e7ou que \u201choje o jogo \u00e9 diferente, jogamos em casa\u201d.<\/p>\n<p>\u201cA for\u00e7a do [Est\u00e1dio do] Drag\u00e3o \u00e9 muito especial\u201d, acrescentou.<\/p>\n","protected":false},"excerpt":{"rendered":"&#13; Diogo Costa, N\u00e9lson Semedo, R\u00faben Dias, Renato Veiga, Jo\u00e3o Cancelo, Jo\u00e3o Neves, Vitinha, Bruno Fernandes, Bernardo Silva,&hellip;\n","protected":false},"author":2,"featured_media":153829,"comment_status":"","ping_status":"","sticky":false,"template":"","format":"standard","meta":{"footnotes":""},"categories":[87],"tags":[135,13,32,33,420,421,134],"class_list":{"0":"post-153828","1":"post","2":"type-post","3":"status-publish","4":"format-standard","5":"has-post-thumbnail","7":"category-desporto","8":"tag-desporto","9":"tag-noticias","10":"tag-portugal","11":"tag-pt","12":"tag-rtp","13":"tag-rtp-noticias","14":"tag-sports"},"share_on_mastodon":{"url":"https:\/\/pubeurope.com\/@pt\/115559946342505345","error":""},"_links":{"self":[{"href":"https:\/\/www.europesays.com\/pt\/wp-json\/wp\/v2\/posts\/153828","targetHints":{"allow":["GET"]}}],"collection":[{"href":"https:\/\/www.europesays.com\/pt\/wp-json\/wp\/v2\/posts"}],"about":[{"href":"https:\/\/www.europesays.com\/pt\/wp-json\/wp\/v2\/types\/post"}],"author":[{"embeddable":true,"href":"https:\/\/www.europesays.com\/pt\/wp-json\/wp\/v2\/users\/2"}],"replies":[{"embeddable":true,"href":"https:\/\/www.europesays.com\/pt\/wp-json\/wp\/v2\/comments?post=153828"}],"version-history":[{"count":0,"href":"https:\/\/www.europesays.com\/pt\/wp-json\/wp\/v2\/posts\/153828\/revisions"}],"wp:featuredmedia":[{"embeddable":true,"href":"https:\/\/www.europesays.com\/pt\/wp-json\/wp\/v2\/media\/153829"}],"wp:attachment":[{"href":"https:\/\/www.europesays.com\/pt\/wp-json\/wp\/v2\/media?parent=153828"}],"wp:term":[{"taxonomy":"category","embeddable":true,"href":"https:\/\/www.europesays.com\/pt\/wp-json\/wp\/v2\/categories?post=153828"},{"taxonomy":"post_tag","embeddable":true,"href":"https:\/\/www.europesays.com\/pt\/wp-json\/wp\/v2\/tags?post=153828"}],"curies":[{"name":"wp","href":"https:\/\/api.w.org\/{rel}","templated":true}]}}