{"id":15383,"date":"2025-08-04T11:05:19","date_gmt":"2025-08-04T11:05:19","guid":{"rendered":"https:\/\/www.europesays.com\/pt\/15383\/"},"modified":"2025-08-04T11:05:19","modified_gmt":"2025-08-04T11:05:19","slug":"fabio-assuncao-revela-assedio-sofrido-na-infancia-04-08-2025-celebridades","status":"publish","type":"post","link":"https:\/\/www.europesays.com\/pt\/15383\/","title":{"rendered":"F\u00e1bio Assun\u00e7\u00e3o revela ass\u00e9dio sofrido na inf\u00e2ncia &#8211; 04\/08\/2025 &#8211; Celebridades"},"content":{"rendered":"<p>\n<strong class=\"c-signature__location\">S\u00e3o Paulo<\/strong>\n<\/p>\n<p><a href=\"https:\/\/www1.folha.uol.com.br\/folha-topicos\/fabio-assuncao\/\" rel=\"nofollow noopener\" target=\"_blank\">F\u00e1bio Assun\u00e7\u00e3o<\/a>, 53, revelou pela primeira vez, no <a href=\"https:\/\/www1.folha.uol.com.br\/folha-topicos\/fantastico\/\" rel=\"nofollow noopener\" target=\"_blank\">Fant\u00e1stico<\/a>, um epis\u00f3dio de ass\u00e9dio que sofreu quando tinha apenas oito anos, por parte de um vizinho. O ator fez o relato durante participa\u00e7\u00e3o no quadro &#8220;Pode perguntar&#8221;, uma roda de conversa com 30 jovens no espectro autista.<\/p>\n<p>Segundo ele, o caso ocorreu em Santos, no<a href=\"https:\/\/www1.folha.uol.com.br\/folha-topicos\/litoral-paulista\/\" rel=\"nofollow noopener\" target=\"\"> litoral de S\u00e3o Paulo<\/a>. O vizinho o chamou para entrar no apartamento, mostrou revistas e colocou a m\u00e3o nele.<\/p>\n<p>&#8220;Ele pegou e botou a m\u00e3o e eu sa\u00ed correndo&#8221;, disse. &#8220;Nunca falei sobre isso porque n\u00e3o acho que d\u00ea para comparar os ass\u00e9dios que um homem tem aos ass\u00e9dios que uma mulher tem&#8221;.<\/p>\n<p>O ator falou tamb\u00e9m sobre <a href=\"https:\/\/www1.folha.uol.com.br\/folha-topicos\/saude\/\" rel=\"nofollow noopener\" target=\"_blank\">sa\u00fade<\/a> mental e contou que o sucesso precoce na carreira fez com que ele viajasse muito e vivesse sozinho.<\/p>\n<p>&#8220;Chegou um momento que entrei em colapso&#8221;, disse.<\/p>\n<p>Na \u00e9poca, Assun\u00e7\u00e3o saiu da <a href=\"https:\/\/www1.folha.uol.com.br\/folha-topicos\/novela\/\" rel=\"nofollow noopener\" target=\"_blank\">novela<\/a> &#8220;Neg\u00f3cio da China&#8221; para cuidar da sa\u00fade e &#8220;colocar a vida em ordem&#8221;. De acordo com ele, foi o momento mais dif\u00edcil da carreira.<\/p>\n<p>Outro ponto delicado abordado na conversa foi a dist\u00e2ncia dos tr\u00eas filhos \u2014Jo\u00e3o, 22, Ella Felipa, 13, e Alana Ayo, 4. Ele contou que passa per\u00edodos de 15 ou 20 dias com os filhos e, depois, precisa ficar longe durante alguns meses, para trabalhar.<\/p>\n<p>O artista acredita, no entanto, que os filhos admiram o trabalho dele e declarou ser feliz com a profiss\u00e3o.<\/p>\n<p>Ao responder \u00e0 pergunta de uma das jovens, que passou por interna\u00e7\u00f5es em cl\u00ednicas psiqui\u00e1tricas, o ator falou sobre sua pr\u00f3pria experi\u00eancia e revelou ter sentido vergonha. Assun\u00e7\u00e3o j\u00e1 foi internado para se <a href=\"https:\/\/f5.folha.uol.com.br\/celebridades\/2019\/08\/fabio-assuncao-fala-sobre-recuperacao-nao-tive-direito-a-um-tratamento-anonimo.shtml\" rel=\"nofollow noopener\" target=\"\">recuperar da depend\u00eancia qu\u00edmica.<\/a><\/p>\n<p>&#8220;Eu tamb\u00e9m tive as minhas interna\u00e7\u00f5es. E isso normalmente faz com que a gente sinta vergonha. S\u00f3 que, pensa bem, quem \u00e9 que est\u00e1 no mundo que n\u00e3o tenha as suas dores, as suas dificuldades?&#8221;, questionou.<\/p>\n","protected":false},"excerpt":{"rendered":"S\u00e3o Paulo F\u00e1bio Assun\u00e7\u00e3o, 53, revelou pela primeira vez, no Fant\u00e1stico, um epis\u00f3dio de ass\u00e9dio que sofreu quando&hellip;\n","protected":false},"author":2,"featured_media":15384,"comment_status":"","ping_status":"","sticky":false,"template":"","format":"standard","meta":{"footnotes":""},"categories":[145],"tags":[3987,219,211,210,223,114,115,224,225,6106,6107,226,753,221,220,222,2931,32,33,4066,218,6108,228,227],"class_list":{"0":"post-15383","1":"post","2":"type-post","3":"status-publish","4":"format-standard","5":"has-post-thumbnail","7":"category-celebridades","8":"tag-autismo","9":"tag-bichos","10":"tag-celebridades","11":"tag-celebrities","12":"tag-colunistas","13":"tag-entertainment","14":"tag-entretenimento","15":"tag-estranho","16":"tag-eu-amo","17":"tag-fbio-assuno","18":"tag-fantstico","19":"tag-fofices","20":"tag-globo","21":"tag-horoscopo","22":"tag-humanos","23":"tag-humor","24":"tag-novela","25":"tag-portugal","26":"tag-pt","27":"tag-sade","28":"tag-televisao","29":"tag-terapia","30":"tag-tudo","31":"tag-videos"},"share_on_mastodon":{"url":"","error":""},"_links":{"self":[{"href":"https:\/\/www.europesays.com\/pt\/wp-json\/wp\/v2\/posts\/15383","targetHints":{"allow":["GET"]}}],"collection":[{"href":"https:\/\/www.europesays.com\/pt\/wp-json\/wp\/v2\/posts"}],"about":[{"href":"https:\/\/www.europesays.com\/pt\/wp-json\/wp\/v2\/types\/post"}],"author":[{"embeddable":true,"href":"https:\/\/www.europesays.com\/pt\/wp-json\/wp\/v2\/users\/2"}],"replies":[{"embeddable":true,"href":"https:\/\/www.europesays.com\/pt\/wp-json\/wp\/v2\/comments?post=15383"}],"version-history":[{"count":0,"href":"https:\/\/www.europesays.com\/pt\/wp-json\/wp\/v2\/posts\/15383\/revisions"}],"wp:featuredmedia":[{"embeddable":true,"href":"https:\/\/www.europesays.com\/pt\/wp-json\/wp\/v2\/media\/15384"}],"wp:attachment":[{"href":"https:\/\/www.europesays.com\/pt\/wp-json\/wp\/v2\/media?parent=15383"}],"wp:term":[{"taxonomy":"category","embeddable":true,"href":"https:\/\/www.europesays.com\/pt\/wp-json\/wp\/v2\/categories?post=15383"},{"taxonomy":"post_tag","embeddable":true,"href":"https:\/\/www.europesays.com\/pt\/wp-json\/wp\/v2\/tags?post=15383"}],"curies":[{"name":"wp","href":"https:\/\/api.w.org\/{rel}","templated":true}]}}