{"id":153838,"date":"2025-11-16T15:04:25","date_gmt":"2025-11-16T15:04:25","guid":{"rendered":"https:\/\/www.europesays.com\/pt\/153838\/"},"modified":"2025-11-16T15:04:25","modified_gmt":"2025-11-16T15:04:25","slug":"terra-forte-e-o-fim-entre-rosinha-e-dudu-nao-ha-amor-entre-nos-novelas","status":"publish","type":"post","link":"https:\/\/www.europesays.com\/pt\/153838\/","title":{"rendered":"Terra Forte- \u00c9 o fim entre Rosinha e Dudu: \u00abN\u00e3o h\u00e1 amor entre n\u00f3s\u00bb &#8211; Novelas"},"content":{"rendered":"<p>\t\t\t\t<a target=\"_blank\" href=\"https:\/\/tvipass.iol.pt\/passatempo\/participe-e-ganhe-5-000\/019a3a91-32db-7720-aa8c-fbc136df4538\" rel=\"nofollow noopener\"><\/p>\n<p>Ganhe 5000\u20ac em cart\u00e3o!<\/p>\n<p>Participe na APP<\/p>\n<p>\t\t          <\/a><\/p>\n<p>Em \u00abTerra Forte\u00bb, Rosinha \u00a0(Francisca Salgado) argumenta a Dudu (Tom\u00e1s Taborda) n\u00e3o poderem ficar juntos por ser \u00f3bvio que a guerra vai estalar entre as m\u00e3es dele e irem ficar de lados diferentes da barricada. Dudu olha-a desolado.<\/p>\n","protected":false},"excerpt":{"rendered":"Ganhe 5000\u20ac em cart\u00e3o! Participe na APP Em \u00abTerra Forte\u00bb, Rosinha \u00a0(Francisca Salgado) argumenta a Dudu (Tom\u00e1s Taborda)&hellip;\n","protected":false},"author":2,"featured_media":153839,"comment_status":"","ping_status":"","sticky":false,"template":"","format":"standard","meta":{"footnotes":""},"categories":[142],"tags":[160,166,114,115,157,167,164,161,158,165,159,32,33,156,18614,163,151,162],"class_list":{"0":"post-153838","1":"post","2":"type-post","3":"status-publish","4":"format-standard","5":"has-post-thumbnail","7":"category-tv","8":"tag-ana-guiomar","9":"tag-cristina-ferreira","10":"tag-entertainment","11":"tag-entretenimento","12":"tag-festa-e-festa","13":"tag-ficcao","14":"tag-jose-fidalgo","15":"tag-novelas","16":"tag-para-sempre","17":"tag-pedro-sousa","18":"tag-pedro-teixeira","19":"tag-portugal","20":"tag-pt","21":"tag-queridos-papas","22":"tag-terra-forte","23":"tag-tiago-teotonio-pereira","24":"tag-tv","25":"tag-tvi"},"share_on_mastodon":{"url":"https:\/\/pubeurope.com\/@pt\/115559993710409560","error":""},"_links":{"self":[{"href":"https:\/\/www.europesays.com\/pt\/wp-json\/wp\/v2\/posts\/153838","targetHints":{"allow":["GET"]}}],"collection":[{"href":"https:\/\/www.europesays.com\/pt\/wp-json\/wp\/v2\/posts"}],"about":[{"href":"https:\/\/www.europesays.com\/pt\/wp-json\/wp\/v2\/types\/post"}],"author":[{"embeddable":true,"href":"https:\/\/www.europesays.com\/pt\/wp-json\/wp\/v2\/users\/2"}],"replies":[{"embeddable":true,"href":"https:\/\/www.europesays.com\/pt\/wp-json\/wp\/v2\/comments?post=153838"}],"version-history":[{"count":0,"href":"https:\/\/www.europesays.com\/pt\/wp-json\/wp\/v2\/posts\/153838\/revisions"}],"wp:featuredmedia":[{"embeddable":true,"href":"https:\/\/www.europesays.com\/pt\/wp-json\/wp\/v2\/media\/153839"}],"wp:attachment":[{"href":"https:\/\/www.europesays.com\/pt\/wp-json\/wp\/v2\/media?parent=153838"}],"wp:term":[{"taxonomy":"category","embeddable":true,"href":"https:\/\/www.europesays.com\/pt\/wp-json\/wp\/v2\/categories?post=153838"},{"taxonomy":"post_tag","embeddable":true,"href":"https:\/\/www.europesays.com\/pt\/wp-json\/wp\/v2\/tags?post=153838"}],"curies":[{"name":"wp","href":"https:\/\/api.w.org\/{rel}","templated":true}]}}