{"id":153840,"date":"2025-11-16T15:05:27","date_gmt":"2025-11-16T15:05:27","guid":{"rendered":"https:\/\/www.europesays.com\/pt\/153840\/"},"modified":"2025-11-16T15:05:27","modified_gmt":"2025-11-16T15:05:27","slug":"por-que-show-de-kanye-west-em-sp-nao-sera-mais-em-interlagos","status":"publish","type":"post","link":"https:\/\/www.europesays.com\/pt\/153840\/","title":{"rendered":"Por que show de Kanye West em SP n\u00e3o ser\u00e1 mais em Interlagos"},"content":{"rendered":"<p>Conhecido anteriormente pelo nome <a href=\"https:\/\/rollingstone.com.br\/tags\/kanye-west\/\" rel=\"nofollow noopener\" target=\"_blank\"><b>Kanye West<\/b><\/a>, o rapper <strong>Ye<\/strong> tem, em teoria, um show marcado no Brasil para o dia 29 de novembro. Entretanto, o local programado \u2014 o Aut\u00f3dromo de Interlagos, em S\u00e3o Paulo \u2014 foi perdido pelos organizadores. Agora, sabe-se o motivo para a mudan\u00e7a.<\/p>\n<p>Em uma declara\u00e7\u00e3o oficial \u00e0 <a href=\"https:\/\/www1.folha.uol.com.br\/ilustrada\/2025\/11\/show-de-kanye-west-em-sp-segue-sem-local-definido-a-menos-de-um-mes-do-evento.shtml\" rel=\"nofollow noopener\" target=\"_blank\">Folha de S.Paulo<\/a> na \u00faltima sexta-feira, 8, a Prefeitura da cidade afirmou ter cancelado o contrato unilateralmente devido \u00e0s pol\u00eamicas recentes envolvendo o rapper. Especialmente aquelas relacionadas \u00e0s <a href=\"https:\/\/rollingstone.com.br\/musica\/kanye-west-e-barrado-de-entrar-na-australia-apos-musica-controversa\/\" target=\"_blank\" rel=\"noopener nofollow\">acusa\u00e7\u00f5es de apologia ao nazismo<\/a>.<\/p>\n<p>O texto declara:<\/p>\n<blockquote>\n<p>\u201cNo momento da reserva da data para o evento, os organizadores n\u00e3o informaram ao Munic\u00edpio qual artista seria contratado para realiza\u00e7\u00e3o do show. Ap\u00f3s defini\u00e7\u00e3o posterior pelos promotores, a Prefeitura de S\u00e3o Paulo decidiu revogar o termo mencionado, uma medida prevista em contrato. A atual gest\u00e3o n\u00e3o compactua com qualquer conduta criminosa de apologia ao nazismo e\/ou racismo e, por isso, n\u00e3o permitir\u00e1 eventos com essa conota\u00e7\u00e3o em equipamentos municipais. O pagamento da taxa tem restitui\u00e7\u00e3o integral, conforme tamb\u00e9m previs\u00e3o em contrato.\u201d<\/p>\n<\/blockquote>\n<p><b>Guilherme Cavalcante<\/b>, um dos quatro s\u00f3cios da produtora do evento, <b>Holding Entretenimento &amp; Networking<\/b>, expressou sua frustra\u00e7\u00e3o ao jornal. Segundo o promotor, os organizadores foram pegos de surpresa pelo cancelamento do contrato.<\/p>\n<p>Ele falou:<\/p>\n<blockquote>\n<p>\u201cDo meu ponto de vista, foi uma sacanagem. S\u00f3 pagamos o artista porque eles confirmaram o local. Como voc\u00ea d\u00e1 uma guia de pagamento e confirma o local, num show gigantesco, caro para caramba? O descaso deles \u00e9 absurdo.\u201d<\/p>\n<\/blockquote>\n<p>At\u00e9 a manifesta\u00e7\u00e3o da Prefeitura, era especulada uma mudan\u00e7a de local para o est\u00e1dio Pacaembu, tamb\u00e9m sob sua gest\u00e3o. Entretanto, considerando o motivo dado para o cancelamento, \u00e9 dif\u00edcil o uso de qualquer espa\u00e7o do munic\u00edpio.<\/p>\n<p>Mesmo assim, Cavalcante garantiu que o show ainda vai acontecer:<\/p>\n<blockquote>\n<p>\u201cEle quer vir, a gente quer, vamos fazer acontecer. \u00c9 um valor de cach\u00ea muito alto que foi pago, n\u00e3o tem como cancelar o show, ele tem que acontecer. Mas tamb\u00e9m n\u00e3o d\u00e1 pra fazer em qualquer lugar.\u201d<\/p>\n<\/blockquote>\n<p> <b>Possibilidade de festival<\/b> <\/p>\n<p>Segundo o <a href=\"https:\/\/www.instagram.com\/p\/DQ4audhjpxt\/?img_index=2\" rel=\"nofollow noopener\" target=\"_blank\">RapMais<\/a>, a produtora do evento enviou um question\u00e1rio a quem comprou ingresso para o show, com uma s\u00e9rie de perguntas sobre mudan\u00e7a de local. Al\u00e9m de oferecer adiar a apresenta\u00e7\u00e3o, fazer num lugar menor na mesma data ou cancelar e dar reembolso, uma outra op\u00e7\u00e3o curiosa foi oferecida.<\/p>\n<p>A empresa produtora levantou neste quiz a possibilidade de integrar Kanye West ao lineup do festival <b>Cena2K<\/b>, que ocorre entre os dias 21 a 23 de novembro na NeoQu\u00edmica Arena, est\u00e1dio do Corinthians. Entretanto, o cen\u00e1rio proposto seria de um dia apenas para o rapper americano.<\/p>\n<p>O festival n\u00e3o \u00e9 organizado pela mesma produtora, mas compartilha a empresa de venda de ingressos, a <strong>Q2<\/strong>. At\u00e9 agora, n\u00e3o h\u00e1 qualquer confirma\u00e7\u00e3o de negocia\u00e7\u00f5es para o artista ser integrado ao lineup.<\/p>\n<blockquote class=\"instagram-media\" style=\"background: #FFF; border: 0; border-radius: 3px; box-shadow: 0 0 1px 0 rgba(0,0,0,0.5),0 1px 10px 0 rgba(0,0,0,0.15); margin: 1px; max-width: 540px; min-width: 326px; padding: 0; width: calc(100% - 2px);\" data-instgrm-permalink=\"https:\/\/www.instagram.com\/p\/DQ4audhjpxt\/?utm_source=ig_embed&amp;utm_campaign=loading\" data-instgrm-version=\"14\"><\/blockquote>\n<p><strong>+++ LEIA MAIS: <a href=\"https:\/\/rollingstone.com.br\/musica\/yung-lean-revela-por-que-se-afastou-de-kanye-west-eu-ja-estive-assim\/\" rel=\"nofollow noopener\" target=\"_blank\">Yung Lean revela por que se afastou de Kanye West: \u2018Eu j\u00e1 estive assim\u2019<\/a><\/strong><br \/><strong>+++ LEIA MAIS: <a href=\"https:\/\/rollingstone.com.br\/musica\/travis-scott-traz-kanye-west-ao-palco-no-japao-para-cantarem-classicos-juntos\/\" rel=\"nofollow noopener\" target=\"_blank\">Travis Scott traz Kanye West ao palco no Jap\u00e3o para cantarem cl\u00e1ssicos juntos<\/a><\/strong><br \/><strong>+++ LEIA MAIS: <a href=\"https:\/\/rollingstone.com.br\/musica\/kanye-west-se-reune-com-rabino-e-admite-erros-apos-comentarios-antissemitas\/\" rel=\"nofollow noopener\" target=\"_blank\">Kanye West se re\u00fane com rabino e admite erros ap\u00f3s coment\u00e1rios antissemitas<\/a><\/strong><\/p>\n<p>        <a href=\"https:\/\/rollingstone.com.br\/autor\/pedro-hollanda\/\" rel=\"nofollow noopener\" target=\"_blank\">&#13;<br \/>\n          <img loading=\"lazy\" decoding=\"async\" alt=\"Pedro Hollanda\" src=\"https:\/\/www.europesays.com\/pt\/wp-content\/uploads\/2025\/11\/pedro-hollanda-150x150.jpg\" class=\"avatar avatar-115 photo rounded-circle\" height=\"115\" width=\"115\"\/>        <\/a><\/p>\n<p>Pedro Hollanda \u00e9 jornalista formado pelas Faculdades Integradas H\u00e9lio Alonso e cursou Dire\u00e7\u00e3o Cinematogr\u00e1fica na Escola de Cinema Darcy Ribeiro. Apaixonado por m\u00fasica, j\u00e1 editou blogs de resenhas musicais e contribuiu para sites como IgorMiranda.com.br, Scream &amp; Yell e Rock&#8217;n&#8217;Beats.<\/p>\n<p>\t                                            <script async src=\"\/\/www.instagram.com\/embed.js\"><\/script><\/p>\n","protected":false},"excerpt":{"rendered":"Conhecido anteriormente pelo nome Kanye West, o rapper Ye tem, em teoria, um show marcado no Brasil para&hellip;\n","protected":false},"author":2,"featured_media":153841,"comment_status":"","ping_status":"","sticky":false,"template":"","format":"standard","meta":{"footnotes":""},"categories":[141],"tags":[114,115,9822,149,150,32,33],"class_list":{"0":"post-153840","1":"post","2":"type-post","3":"status-publish","4":"format-standard","5":"has-post-thumbnail","7":"category-musica","8":"tag-entertainment","9":"tag-entretenimento","10":"tag-kanye-west","11":"tag-music","12":"tag-musica","13":"tag-portugal","14":"tag-pt"},"share_on_mastodon":{"url":"https:\/\/pubeurope.com\/@pt\/115559997611378006","error":""},"_links":{"self":[{"href":"https:\/\/www.europesays.com\/pt\/wp-json\/wp\/v2\/posts\/153840","targetHints":{"allow":["GET"]}}],"collection":[{"href":"https:\/\/www.europesays.com\/pt\/wp-json\/wp\/v2\/posts"}],"about":[{"href":"https:\/\/www.europesays.com\/pt\/wp-json\/wp\/v2\/types\/post"}],"author":[{"embeddable":true,"href":"https:\/\/www.europesays.com\/pt\/wp-json\/wp\/v2\/users\/2"}],"replies":[{"embeddable":true,"href":"https:\/\/www.europesays.com\/pt\/wp-json\/wp\/v2\/comments?post=153840"}],"version-history":[{"count":0,"href":"https:\/\/www.europesays.com\/pt\/wp-json\/wp\/v2\/posts\/153840\/revisions"}],"wp:featuredmedia":[{"embeddable":true,"href":"https:\/\/www.europesays.com\/pt\/wp-json\/wp\/v2\/media\/153841"}],"wp:attachment":[{"href":"https:\/\/www.europesays.com\/pt\/wp-json\/wp\/v2\/media?parent=153840"}],"wp:term":[{"taxonomy":"category","embeddable":true,"href":"https:\/\/www.europesays.com\/pt\/wp-json\/wp\/v2\/categories?post=153840"},{"taxonomy":"post_tag","embeddable":true,"href":"https:\/\/www.europesays.com\/pt\/wp-json\/wp\/v2\/tags?post=153840"}],"curies":[{"name":"wp","href":"https:\/\/api.w.org\/{rel}","templated":true}]}}