{"id":153842,"date":"2025-11-16T15:06:13","date_gmt":"2025-11-16T15:06:13","guid":{"rendered":"https:\/\/www.europesays.com\/pt\/153842\/"},"modified":"2025-11-16T15:06:13","modified_gmt":"2025-11-16T15:06:13","slug":"homem-de-ferro-e-transformado-completamente-pela-marvel","status":"publish","type":"post","link":"https:\/\/www.europesays.com\/pt\/153842\/","title":{"rendered":"Homem de Ferro \u00e9 transformado completamente pela Marvel"},"content":{"rendered":"<p>  <img decoding=\"async\" src=\"https:\/\/cdn.ome.lt\/static\/omelete\/img\/loading.svg\" alt=\"\"\/><\/p>\n<p>  <img decoding=\"async\" class=\"article__cover__image\" data-lazy-src-mob=\"\/\/cdn.ome.lt\/HiVv6FY4HQj4YojJBST0uPRL1eo=\/570x0\/smart\/filters:format(webp)\/uploads\/conteudo\/fotos\/Iron-King-Marvel-Comics.webp\" data-lazy-src=\"https:\/\/cdn.ome.lt\/vLvzaN3jhW5cZ-yxRaWCN3Mcxf4=\/987x0\/smart\/filters:format(webp)\/uploads\/conteudo\/fotos\/Iron-King-Marvel-Comics.webp\" src=\"data:image\/png;base64,iVBORw0KGgoAAAANSUhEUgAAAAEAAAABCAQAAAC1HAwCAAAAC0lEQVR42mNkYAAAAAYAAjCB0C8AAAAASUVORK5CYII=\" alt=\"Iron King\" title=\"Iron King\" width=\"987\" height=\"555\" fetchpriority=\"high\"\/><\/p>\n<p class=\"article__cover__credits\">\n  Cr\u00e9ditos da imagem:<br \/>\n  Reprodu\u00e7\u00e3o\n<\/p>\n<p>Tony Stark se transformou em<strong> <\/strong>Iron King, uma vers\u00e3o aterrorizante e mec\u00e2nica do Homem de Ferro, na nova linha do tempo <strong>Age of Revelation<\/strong>, que avan\u00e7a dez anos no futuro da<strong> Marvel<\/strong>.<\/p>\n<p>O personagem foi infectado pelo<strong> <\/strong>X-Virus \u2013 liberado por Revelation, o novo herdeiro de Apocalypse \u2013, que fundiu sua tecnologia ao corpo, tornando-o uma entidade de metal controlada por uma IA pragm\u00e1tica e sem emo\u00e7\u00f5es.<\/p>\n<p>            Continua depois da Publicidade<\/p>\n<p>A transforma\u00e7\u00e3o \u00e9 detalhada na s\u00e9rie Iron &amp; Frost, onde Emma Frost reencontra Tony seis anos ap\u00f3s serem separados durante um ataque. A muta\u00e7\u00e3o n\u00e3o apenas aprisionou a consci\u00eancia de Stark em seu pr\u00f3prio corpo, como o levou a cometer atos extremos em nome de uma cura global: Iron King executou M\u00e1quina de Combate, seu melhor amigo, com a Uni-Beam por considerar que o sacrif\u00edcio individual era necess\u00e1rio para salvar a humanidade.<\/p>\n<p>Diferente de outras vers\u00f5es malignas do Homem de Ferro, aqui Tony permanece consciente em breves intervalos, testemunhando impotente os atos cometidos por sua pr\u00f3pria armadura.<\/p>\n","protected":false},"excerpt":{"rendered":"Cr\u00e9ditos da imagem: Reprodu\u00e7\u00e3o Tony Stark se transformou em Iron King, uma vers\u00e3o aterrorizante e mec\u00e2nica do Homem&hellip;\n","protected":false},"author":2,"featured_media":153843,"comment_status":"","ping_status":"","sticky":false,"template":"","format":"standard","meta":{"footnotes":""},"categories":[140],"tags":[114,115,147,148,146,32,33],"class_list":{"0":"post-153842","1":"post","2":"type-post","3":"status-publish","4":"format-standard","5":"has-post-thumbnail","7":"category-filmes","8":"tag-entertainment","9":"tag-entretenimento","10":"tag-film","11":"tag-filmes","12":"tag-movies","13":"tag-portugal","14":"tag-pt"},"share_on_mastodon":{"url":"https:\/\/pubeurope.com\/@pt\/115560001481951831","error":""},"_links":{"self":[{"href":"https:\/\/www.europesays.com\/pt\/wp-json\/wp\/v2\/posts\/153842","targetHints":{"allow":["GET"]}}],"collection":[{"href":"https:\/\/www.europesays.com\/pt\/wp-json\/wp\/v2\/posts"}],"about":[{"href":"https:\/\/www.europesays.com\/pt\/wp-json\/wp\/v2\/types\/post"}],"author":[{"embeddable":true,"href":"https:\/\/www.europesays.com\/pt\/wp-json\/wp\/v2\/users\/2"}],"replies":[{"embeddable":true,"href":"https:\/\/www.europesays.com\/pt\/wp-json\/wp\/v2\/comments?post=153842"}],"version-history":[{"count":0,"href":"https:\/\/www.europesays.com\/pt\/wp-json\/wp\/v2\/posts\/153842\/revisions"}],"wp:featuredmedia":[{"embeddable":true,"href":"https:\/\/www.europesays.com\/pt\/wp-json\/wp\/v2\/media\/153843"}],"wp:attachment":[{"href":"https:\/\/www.europesays.com\/pt\/wp-json\/wp\/v2\/media?parent=153842"}],"wp:term":[{"taxonomy":"category","embeddable":true,"href":"https:\/\/www.europesays.com\/pt\/wp-json\/wp\/v2\/categories?post=153842"},{"taxonomy":"post_tag","embeddable":true,"href":"https:\/\/www.europesays.com\/pt\/wp-json\/wp\/v2\/tags?post=153842"}],"curies":[{"name":"wp","href":"https:\/\/api.w.org\/{rel}","templated":true}]}}