{"id":153844,"date":"2025-11-16T15:07:26","date_gmt":"2025-11-16T15:07:26","guid":{"rendered":"https:\/\/www.europesays.com\/pt\/153844\/"},"modified":"2025-11-16T15:07:26","modified_gmt":"2025-11-16T15:07:26","slug":"bancada-do-uniao-de-lamas-desabou-com-o-mau-tempo","status":"publish","type":"post","link":"https:\/\/www.europesays.com\/pt\/153844\/","title":{"rendered":"Bancada do Uni\u00e3o de Lamas desabou com o mau tempo"},"content":{"rendered":"<p data-remotead-prev-elm=\"true\" data-remotead-elm-id=\"inread\">O Uni\u00e3o de Lamas partilhou, este s\u00e1bado, um v\u00eddeo nas redes sociais no qual se v\u00ea que parte da bancada do setor visitante, do Est\u00e1dio Comendador Henrique Amorim, acabou por sofrer s\u00e9rios estragos na sequ\u00eancia do mau tempo.<\/p>\n<p>&#8220;O infort\u00fanio da noite passada deixou uma parte do nosso est\u00e1dio assim&#8230; Mas dia ap\u00f3s dia vamos levantar-nos e erguer-nos!<br \/>O melhor ainda est\u00e1 para vir!&#8221;, pode ler-se numa nota que acompanha o v\u00eddeo.<\/p>\n<p>O Uni\u00e3o de Lamas, da A. F. Aveiro, ocupa o nono posto da S\u00e9rie B do Campeonato de Portugal.<\/p>\n","protected":false},"excerpt":{"rendered":"O Uni\u00e3o de Lamas partilhou, este s\u00e1bado, um v\u00eddeo nas redes sociais no qual se v\u00ea que parte&hellip;\n","protected":false},"author":2,"featured_media":153845,"comment_status":"","ping_status":"","sticky":false,"template":"","format":"standard","meta":{"footnotes":""},"categories":[87],"tags":[135,524,32,33,134,27866],"class_list":{"0":"post-153844","1":"post","2":"type-post","3":"status-publish","4":"format-standard","5":"has-post-thumbnail","7":"category-desporto","8":"tag-desporto","9":"tag-futebol","10":"tag-portugal","11":"tag-pt","12":"tag-sports","13":"tag-uniao-de-lamas"},"share_on_mastodon":{"url":"https:\/\/pubeurope.com\/@pt\/115560005271093980","error":""},"_links":{"self":[{"href":"https:\/\/www.europesays.com\/pt\/wp-json\/wp\/v2\/posts\/153844","targetHints":{"allow":["GET"]}}],"collection":[{"href":"https:\/\/www.europesays.com\/pt\/wp-json\/wp\/v2\/posts"}],"about":[{"href":"https:\/\/www.europesays.com\/pt\/wp-json\/wp\/v2\/types\/post"}],"author":[{"embeddable":true,"href":"https:\/\/www.europesays.com\/pt\/wp-json\/wp\/v2\/users\/2"}],"replies":[{"embeddable":true,"href":"https:\/\/www.europesays.com\/pt\/wp-json\/wp\/v2\/comments?post=153844"}],"version-history":[{"count":0,"href":"https:\/\/www.europesays.com\/pt\/wp-json\/wp\/v2\/posts\/153844\/revisions"}],"wp:featuredmedia":[{"embeddable":true,"href":"https:\/\/www.europesays.com\/pt\/wp-json\/wp\/v2\/media\/153845"}],"wp:attachment":[{"href":"https:\/\/www.europesays.com\/pt\/wp-json\/wp\/v2\/media?parent=153844"}],"wp:term":[{"taxonomy":"category","embeddable":true,"href":"https:\/\/www.europesays.com\/pt\/wp-json\/wp\/v2\/categories?post=153844"},{"taxonomy":"post_tag","embeddable":true,"href":"https:\/\/www.europesays.com\/pt\/wp-json\/wp\/v2\/tags?post=153844"}],"curies":[{"name":"wp","href":"https:\/\/api.w.org\/{rel}","templated":true}]}}