{"id":153852,"date":"2025-11-16T15:14:08","date_gmt":"2025-11-16T15:14:08","guid":{"rendered":"https:\/\/www.europesays.com\/pt\/153852\/"},"modified":"2025-11-16T15:14:08","modified_gmt":"2025-11-16T15:14:08","slug":"miguel-oliveira-despede-se-do-motogp-com-11-o-lugar-em-valencia","status":"publish","type":"post","link":"https:\/\/www.europesays.com\/pt\/153852\/","title":{"rendered":"Miguel Oliveira despede-se do MotoGP com 11.\u00ba lugar\u00a0em Val\u00eancia"},"content":{"rendered":"<p>&#13;<br \/>\nO piloto luso concluiu a prova espanhola a 19,304 segundos do vencedor, o italiano Marco Bezzecchi (Aprilia), que bateu por 0,686 segundos o espanhol Ra\u00fal Fern\u00e1ndez (Aprilia), segundo, enquanto o italiano F\u00e1bio DiGiannantonio (Ducati) ficou em terceiro, a 3,765.&#13;\n<\/p>\n<p>&#13;<br \/>\nCom estes resultados, Miguel Oliveira fecha o Mundial de MotoGP na 20.\u00aa posi\u00e7\u00e3o, com 43 pontos, numa competi\u00e7\u00e3o que j\u00e1 tinha sido virtualmente conquistada pelo espanhol Marc M\u00e1rquez (Ducati), campe\u00e3o mundial pela s\u00e9tima vez.&#13;<\/p>\n","protected":false},"excerpt":{"rendered":"&#13; O piloto luso concluiu a prova espanhola a 19,304 segundos do vencedor, o italiano Marco Bezzecchi (Aprilia),&hellip;\n","protected":false},"author":2,"featured_media":153853,"comment_status":"","ping_status":"","sticky":false,"template":"","format":"standard","meta":{"footnotes":""},"categories":[8],"tags":[27,28,15,16,14,25,26,21,22,10166,12,13,19,20,32,23,24,33,33155,17,18,29,30,31,33156],"class_list":{"0":"post-153852","1":"post","2":"type-post","3":"status-publish","4":"format-standard","5":"has-post-thumbnail","7":"category-principais-noticias","8":"tag-breaking-news","9":"tag-breakingnews","10":"tag-featured-news","11":"tag-featurednews","12":"tag-headlines","13":"tag-latest-news","14":"tag-latestnews","15":"tag-main-news","16":"tag-mainnews","17":"tag-motogp","18":"tag-news","19":"tag-noticias","20":"tag-noticias-principais","21":"tag-noticiasprincipais","22":"tag-portugal","23":"tag-principais-noticias","24":"tag-principaisnoticias","25":"tag-pt","26":"tag-raul-fernan-aprilia","27":"tag-top-stories","28":"tag-topstories","29":"tag-ultimas","30":"tag-ultimas-noticias","31":"tag-ultimasnoticias","32":"tag-valencia-valencia"},"share_on_mastodon":{"url":"https:\/\/pubeurope.com\/@pt\/115560032711508421","error":""},"_links":{"self":[{"href":"https:\/\/www.europesays.com\/pt\/wp-json\/wp\/v2\/posts\/153852","targetHints":{"allow":["GET"]}}],"collection":[{"href":"https:\/\/www.europesays.com\/pt\/wp-json\/wp\/v2\/posts"}],"about":[{"href":"https:\/\/www.europesays.com\/pt\/wp-json\/wp\/v2\/types\/post"}],"author":[{"embeddable":true,"href":"https:\/\/www.europesays.com\/pt\/wp-json\/wp\/v2\/users\/2"}],"replies":[{"embeddable":true,"href":"https:\/\/www.europesays.com\/pt\/wp-json\/wp\/v2\/comments?post=153852"}],"version-history":[{"count":0,"href":"https:\/\/www.europesays.com\/pt\/wp-json\/wp\/v2\/posts\/153852\/revisions"}],"wp:featuredmedia":[{"embeddable":true,"href":"https:\/\/www.europesays.com\/pt\/wp-json\/wp\/v2\/media\/153853"}],"wp:attachment":[{"href":"https:\/\/www.europesays.com\/pt\/wp-json\/wp\/v2\/media?parent=153852"}],"wp:term":[{"taxonomy":"category","embeddable":true,"href":"https:\/\/www.europesays.com\/pt\/wp-json\/wp\/v2\/categories?post=153852"},{"taxonomy":"post_tag","embeddable":true,"href":"https:\/\/www.europesays.com\/pt\/wp-json\/wp\/v2\/tags?post=153852"}],"curies":[{"name":"wp","href":"https:\/\/api.w.org\/{rel}","templated":true}]}}