{"id":153863,"date":"2025-11-16T15:27:07","date_gmt":"2025-11-16T15:27:07","guid":{"rendered":"https:\/\/www.europesays.com\/pt\/153863\/"},"modified":"2025-11-16T15:27:07","modified_gmt":"2025-11-16T15:27:07","slug":"quanto-receberia-cada-habitante-do-planeta-se-o-premio-bilionario-da-tesla-para-elon-musk-fosse-repartido","status":"publish","type":"post","link":"https:\/\/www.europesays.com\/pt\/153863\/","title":{"rendered":"Quanto receberia cada habitante do planeta se o pr\u00e9mio bilion\u00e1rio da Tesla para Elon Musk fosse repartido?"},"content":{"rendered":"<p>Se toda a fortuna de Elon Musk fosse repartida igualmente entre os cerca de 8,25 mil milh\u00f5es de habitantes do planeta, cada pessoa receberia cerca de 120 d\u00f3lares. A estimativa, divulgada pela UNILAD, ganha dimens\u00e3o quando se considera o novo pacote salarial da Tesla, avaliado em um bili\u00e3o de d\u00f3lares. O montante, aprovado pelos acionistas da fabricante americana, poderia transformar Musk no primeiro trilion\u00e1rio da hist\u00f3ria moderna.<\/p>\n<p>O plano prev\u00ea que o empres\u00e1rio receba a totalidade do valor apenas se a Tesla alcan\u00e7ar metas consideradas quase inating\u00edveis, incluindo um crescimento explosivo de receitas, uma valoriza\u00e7\u00e3o bolsista superior a oito bili\u00f5es de d\u00f3lares e o sucesso comercial dos futuros rob\u00f4s Optimus e do servi\u00e7o Robotaxi. De acordo com a \u2018Reuters\u2019, o pacote foi aprovado por mais de 75% dos acionistas da Tesla, apesar das cr\u00edticas de v\u00e1rios fundos internacionais, que consideram a remunera\u00e7\u00e3o \u201cexcessiva e desequilibrada\u201d face ao risco assumido pelos investidores.<\/p>\n<p>Segundo o \u2018Financial Times\u2019, trata-se do maior plano de remunera\u00e7\u00e3o corporativa da hist\u00f3ria, superando de longe os pacotes concedidos a executivos da Apple, Amazon ou Alphabet. A Tesla defende, contudo, que as metas s\u00e3o de tal forma ambiciosas que s\u00f3 um desempenho \u201cextraordin\u00e1rio\u201d tornar\u00e1 poss\u00edvel qualquer pagamento efetivo.<\/p>\n<p><strong>Riqueza e desigualdade<\/strong><\/p>\n<p>Atualmente, Musk det\u00e9m uma fortuna estimada em cerca de 500 mil milh\u00f5es de d\u00f3lares, impulsionada sobretudo pela participa\u00e7\u00e3o de 15,7% que possui na Tesla e pelas posi\u00e7\u00f5es em empresas como a SpaceX e a \u2018X\u2019 (antigo Twitter). Caso o novo plano seja integralmente cumprido, o patrim\u00f3nio l\u00edquido do empres\u00e1rio triplicaria, aproximando-se do produto interno bruto de pa\u00edses como a Coreia do Sul ou a Austr\u00e1lia.<\/p>\n<p>A \u2018BBC\u2019 recorda que, nesta escala, a riqueza de Musk ultrapassaria a de qualquer indiv\u00edduo na hist\u00f3ria contempor\u00e2nea e colocaria a sua fortuna pessoal acima do valor total de empresas multinacionais como a Shell ou a Nestl\u00e9. O caso reabre o debate sobre desigualdade econ\u00f3mica global: segundo o \u2018New York Times\u2019, 1% dos mais ricos do planeta concentra mais de metade da riqueza mundial, enquanto grande parte da popula\u00e7\u00e3o continua sem acesso a rendimentos b\u00e1sicos.<\/p>\n<p>O contraste \u00e9 ilustrativo: se o suposto bili\u00e3o de d\u00f3lares da Tesla fosse dividido por toda a popula\u00e7\u00e3o mundial, cada pessoa receberia cerca de 120 d\u00f3lares; se fosse repartido apenas entre os cidad\u00e3os dos Estados Unidos, cada um ganharia perto de 2.940 d\u00f3lares \u2014 mais do que o valor de muitos apoios p\u00fablicos distribu\u00eddos anualmente. A compara\u00e7\u00e3o, embora simb\u00f3lica, mostra a dimens\u00e3o astron\u00f3mica do pacote atribu\u00eddo ao l\u00edder da Tesla e a dist\u00e2ncia crescente entre o topo e a base da pir\u00e2mide econ\u00f3mica global.<\/p>\n<p><strong>O impacto e as cr\u00edticas<\/strong><\/p>\n<p>O pacote refor\u00e7a tamb\u00e9m a depend\u00eancia estrat\u00e9gica da Tesla em rela\u00e7\u00e3o a Musk, cuja lideran\u00e7a \u00e9 considerada fundamental para os planos de expans\u00e3o e inova\u00e7\u00e3o da empresa. Ainda assim, investidores institucionais, como o fundo soberano da Noruega, votaram contra a proposta, apontando riscos de governa\u00e7\u00e3o e concentra\u00e7\u00e3o de poder.<\/p>\n<p>A Tesla mant\u00e9m que a remunera\u00e7\u00e3o est\u00e1 alinhada com o valor que Musk gerou para os acionistas desde 2018, ano em que o seu anterior plano de incentivos \u2014 ent\u00e3o o maior da hist\u00f3ria \u2014 impulsionou a valoriza\u00e7\u00e3o bolsista da empresa em mais de 1 000%.<\/p>\n<p>O eventual pagamento de um bili\u00e3o de d\u00f3lares ao homem mais rico do mundo \u00e9 mais do que uma curiosidade financeira: simboliza o poder concentrado nas grandes tecnol\u00f3gicas e a transforma\u00e7\u00e3o da riqueza em escala planet\u00e1ria. Com metas t\u00e3o elevadas quanto o pr\u00f3prio valor do pr\u00e9mio, Elon Musk volta a ser o centro do debate sobre o futuro das empresas, da inova\u00e7\u00e3o \u2014 e da desigualdade.<\/p>\n","protected":false},"excerpt":{"rendered":"Se toda a fortuna de Elon Musk fosse repartida igualmente entre os cerca de 8,25 mil milh\u00f5es de&hellip;\n","protected":false},"author":2,"featured_media":153864,"comment_status":"","ping_status":"","sticky":false,"template":"","format":"standard","meta":{"footnotes":""},"categories":[83],"tags":[88,89,90,32,33],"class_list":{"0":"post-153863","1":"post","2":"type-post","3":"status-publish","4":"format-standard","5":"has-post-thumbnail","7":"category-empresas","8":"tag-business","9":"tag-economy","10":"tag-empresas","11":"tag-portugal","12":"tag-pt"},"share_on_mastodon":{"url":"https:\/\/pubeurope.com\/@pt\/115560083946317535","error":""},"_links":{"self":[{"href":"https:\/\/www.europesays.com\/pt\/wp-json\/wp\/v2\/posts\/153863","targetHints":{"allow":["GET"]}}],"collection":[{"href":"https:\/\/www.europesays.com\/pt\/wp-json\/wp\/v2\/posts"}],"about":[{"href":"https:\/\/www.europesays.com\/pt\/wp-json\/wp\/v2\/types\/post"}],"author":[{"embeddable":true,"href":"https:\/\/www.europesays.com\/pt\/wp-json\/wp\/v2\/users\/2"}],"replies":[{"embeddable":true,"href":"https:\/\/www.europesays.com\/pt\/wp-json\/wp\/v2\/comments?post=153863"}],"version-history":[{"count":0,"href":"https:\/\/www.europesays.com\/pt\/wp-json\/wp\/v2\/posts\/153863\/revisions"}],"wp:featuredmedia":[{"embeddable":true,"href":"https:\/\/www.europesays.com\/pt\/wp-json\/wp\/v2\/media\/153864"}],"wp:attachment":[{"href":"https:\/\/www.europesays.com\/pt\/wp-json\/wp\/v2\/media?parent=153863"}],"wp:term":[{"taxonomy":"category","embeddable":true,"href":"https:\/\/www.europesays.com\/pt\/wp-json\/wp\/v2\/categories?post=153863"},{"taxonomy":"post_tag","embeddable":true,"href":"https:\/\/www.europesays.com\/pt\/wp-json\/wp\/v2\/tags?post=153863"}],"curies":[{"name":"wp","href":"https:\/\/api.w.org\/{rel}","templated":true}]}}