{"id":153871,"date":"2025-11-16T15:35:13","date_gmt":"2025-11-16T15:35:13","guid":{"rendered":"https:\/\/www.europesays.com\/pt\/153871\/"},"modified":"2025-11-16T15:35:13","modified_gmt":"2025-11-16T15:35:13","slug":"leonardo-da-show-de-transfobia-apanha-e-e-preso","status":"publish","type":"post","link":"https:\/\/www.europesays.com\/pt\/153871\/","title":{"rendered":"Leonardo d\u00e1 show de transfobia, apanha e \u00e9 preso"},"content":{"rendered":"<p data-start=\"390\" data-end=\"703\">Nos pr\u00f3ximos cap\u00edtulos de <a href=\"https:\/\/natelinha.uol.com.br\/novelas\/tres-gracas\" rel=\"nofollow noopener\" target=\"_blank\">Tr\u00eas Gra\u00e7as<\/a>, Leonardo (<a href=\"https:\/\/natelinha.uol.com.br\/famosos\/tudo-sobre\/pedro-novaes\" rel=\"nofollow noopener\" target=\"_blank\">Pedro Novaes<\/a>) ser\u00e1 levado para a delegacia depois de se envolver em uma confus\u00e3o em um bar na Chacrinha. O epis\u00f3dio ocorre logo ap\u00f3s Viviane (<a href=\"https:\/\/natelinha.uol.com.br\/famosos\/tudo-sobre\/gabriela-loran\" rel=\"nofollow noopener\" target=\"_blank\">Gabriela Loran<\/a>) revelar ao rapaz que \u00e9 uma mulher trans, o que desencadeia uma rea\u00e7\u00e3o imediata e desordenada do playboy.<\/p>\n<p data-start=\"705\" data-end=\"1011\">A sequ\u00eancia come\u00e7a quando o filho de Zenilda (<a href=\"https:\/\/natelinha.uol.com.br\/famosos\/tudo-sobre\/andreia-horta\" rel=\"nofollow noopener\" target=\"_blank\">Andr\u00e9ia Horta<\/a>) segue a orienta\u00e7\u00e3o de Ferette (<a href=\"https:\/\/natelinha.uol.com.br\/famosos\/tudo-sobre\/murilo-benicio\" rel=\"nofollow noopener\" target=\"_blank\">Murilo Ben\u00edcio<\/a>) e mant\u00e9m a aproxima\u00e7\u00e3o com a farmac\u00eautica. Ele tenta demonstrar que o interesse \u00e9 sincero, o que leva Viviane a decidir contar sua hist\u00f3ria pessoal antes de aceitar o pedido de namoro feito por ele.<\/p>\n<p data-start=\"1013\" data-end=\"1410\">Durante a conversa, a personagem explica que viveu uma trajet\u00f3ria anterior \u00e0 transi\u00e7\u00e3o e detalha que n\u00e3o nasceu mulher, mas se tornou a pessoa que \u00e9 hoje. Ela afirma que est\u00e1 compartilhando sua verdade para evitar qualquer mal-entendido e para garantir que ele saiba com quem est\u00e1 se relacionando. A fala \u00e9 direta e objetiva, com a inten\u00e7\u00e3o de esclarecer a situa\u00e7\u00e3o sem criar expectativas irreais.<\/p>\n<p data-start=\"1013\" data-end=\"1410\">+\u00a0<a href=\"https:\/\/natelinha.uol.com.br\/novelas\/2025\/11\/14\/tres-gracas-claudia-ouve-previsao-de-morte-e-fica-em-panico-233899.php\" target=\"_blank\" rel=\"noopener noreferrer nofollow\">Tr\u00eas Gra\u00e7as: Cl\u00e1udia ouve previs\u00e3o de morte e fica em p\u00e2nico<\/a><\/p>\n<p data-start=\"1412\" data-end=\"1731\">Leonardo reage de forma negativa. Ele afirma que se sente enganado e questiona por que n\u00e3o soube disso desde o in\u00edcio. Viviane, ent\u00e3o, pergunta qual teria sido sua postura caso soubesse de tudo antes. O rapaz admite que teria se afastado imediatamente. A conversa termina pouco depois, marcando a ruptura entre os dois.<\/p>\n<p data-start=\"1733\" data-end=\"2039\">Ainda abalado, o jovem segue para um bar na comunidade. No balc\u00e3o, ele comenta em voz alta sua frustra\u00e7\u00e3o, afirmando que chegou a acreditar que estivesse apaixonado por Viviane e que agora n\u00e3o entende seus pr\u00f3prios sentimentos. Em meio ao descontrole, ele bate um copo no balc\u00e3o e acaba quebrando o objeto.<\/p>\n<p>Confus\u00e3o e pris\u00e3o em Tr\u00eas Gra\u00e7as<\/p>\n<p><img decoding=\"async\" loading=\"lazy\" class=\"horizontal\" src=\"https:\/\/www.europesays.com\/pt\/wp-content\/uploads\/2025\/11\/1763307311_435_globo-tres-gracas-leonardo-pedro-novaes_6446.jpeg\" alt=\"imagem-texto\"\/><\/p>\n<p data-start=\"2041\" data-end=\"2369\">A atitude chama aten\u00e7\u00e3o de alguns homens no local, que passam a provoc\u00e1-lo. A discuss\u00e3o rapidamente evolui para empurr\u00f5es e agress\u00f5es. A briga se intensifica at\u00e9 que um funcion\u00e1rio decide chamar a pol\u00edcia. Quando os agentes chegam, Leonardo est\u00e1 no ch\u00e3o ap\u00f3s levar a pior, enquanto os outros envolvidos deixam o estabelecimento.<\/p>\n<p data-start=\"2041\" data-end=\"2369\">+\u00a0<a href=\"https:\/\/natelinha.uol.com.br\/novelas\/2025\/11\/14\/tres-gracas-leonardo-foge-de-viviane-apos-descobrir-que-ela-e-trans-233890.php\" target=\"_blank\" rel=\"noopener noreferrer nofollow\">Tr\u00eas Gra\u00e7as: Leonardo foge de Viviane ap\u00f3s descobrir que ela \u00e9 trans<\/a><\/p>\n<p data-start=\"2371\" data-end=\"2633\">O playboy \u00e9 levado para a delegacia. No local, ele telefona para Ferette e relata que foi detido, pedindo que o pai v\u00e1 busc\u00e1-lo. A liga\u00e7\u00e3o marca o in\u00edcio do pr\u00f3ximo desdobramento do arco, que mostrar\u00e1 como o empres\u00e1rio reagir\u00e1 \u00e0 nova confus\u00e3o envolvendo o filho.<\/p>\n<p><strong>Confira os resumos da semana das outras novelas:<\/strong><\/p>\n<p>O\u00a0<strong>NaTelinha<\/strong>\u00a0divulga todos os dias os resumos dos cap\u00edtulos, detalhes dos personagens, entrevistas exclusivas com o elenco e spoilers da novela Tr\u00eas Gra\u00e7as.<\/p>\n<p>continua depois da publicidade<\/p>\n<p><strong>Confira a abertura de Tr\u00eas Gra\u00e7as:\u00a0<\/strong><\/p>\n<p>                                <img decoding=\"async\" loading=\"lazy\" class=\"horizontal\" alt=\"Imagem da thumbnail do v\u00eddeo!\" src=\"https:\/\/www.europesays.com\/pt\/wp-content\/uploads\/2025\/10\/1761295702_715_hqdefault.jpg\"\/><\/p>\n","protected":false},"excerpt":{"rendered":"Nos pr\u00f3ximos cap\u00edtulos de Tr\u00eas Gra\u00e7as, Leonardo (Pedro Novaes) ser\u00e1 levado para a delegacia depois de se envolver&hellip;\n","protected":false},"author":2,"featured_media":153872,"comment_status":"","ping_status":"","sticky":false,"template":"","format":"standard","meta":{"footnotes":""},"categories":[142],"tags":[114,115,30704,32,33,4376,151,33024],"class_list":{"0":"post-153871","1":"post","2":"type-post","3":"status-publish","4":"format-standard","5":"has-post-thumbnail","7":"category-tv","8":"tag-entertainment","9":"tag-entretenimento","10":"tag-leo-tres-gracas","11":"tag-portugal","12":"tag-pt","13":"tag-tres-gracas","14":"tag-tv","15":"tag-viviane-tres-gracas"},"share_on_mastodon":{"url":"https:\/\/pubeurope.com\/@pt\/115560115612249515","error":""},"_links":{"self":[{"href":"https:\/\/www.europesays.com\/pt\/wp-json\/wp\/v2\/posts\/153871","targetHints":{"allow":["GET"]}}],"collection":[{"href":"https:\/\/www.europesays.com\/pt\/wp-json\/wp\/v2\/posts"}],"about":[{"href":"https:\/\/www.europesays.com\/pt\/wp-json\/wp\/v2\/types\/post"}],"author":[{"embeddable":true,"href":"https:\/\/www.europesays.com\/pt\/wp-json\/wp\/v2\/users\/2"}],"replies":[{"embeddable":true,"href":"https:\/\/www.europesays.com\/pt\/wp-json\/wp\/v2\/comments?post=153871"}],"version-history":[{"count":0,"href":"https:\/\/www.europesays.com\/pt\/wp-json\/wp\/v2\/posts\/153871\/revisions"}],"wp:featuredmedia":[{"embeddable":true,"href":"https:\/\/www.europesays.com\/pt\/wp-json\/wp\/v2\/media\/153872"}],"wp:attachment":[{"href":"https:\/\/www.europesays.com\/pt\/wp-json\/wp\/v2\/media?parent=153871"}],"wp:term":[{"taxonomy":"category","embeddable":true,"href":"https:\/\/www.europesays.com\/pt\/wp-json\/wp\/v2\/categories?post=153871"},{"taxonomy":"post_tag","embeddable":true,"href":"https:\/\/www.europesays.com\/pt\/wp-json\/wp\/v2\/tags?post=153871"}],"curies":[{"name":"wp","href":"https:\/\/api.w.org\/{rel}","templated":true}]}}