{"id":153873,"date":"2025-11-16T15:36:11","date_gmt":"2025-11-16T15:36:11","guid":{"rendered":"https:\/\/www.europesays.com\/pt\/153873\/"},"modified":"2025-11-16T15:36:11","modified_gmt":"2025-11-16T15:36:11","slug":"estrela-de-k-pop-nana-tem-casa-invadida-por-ladrao-e-fica-ferida","status":"publish","type":"post","link":"https:\/\/www.europesays.com\/pt\/153873\/","title":{"rendered":"Estrela de k-pop Nana tem casa invadida por ladr\u00e3o e fica ferida"},"content":{"rendered":"<p><img width=\"450\" height=\"600\" src=\"https:\/\/www.europesays.com\/pt\/wp-content\/uploads\/2025\/11\/estrela-sul-coreana-do-k-pop-nana-1763298732122_v2_450x600.jpg\" alt=\"Estrela sul-coreana do k-pop Nana\" loading=\"eager\" fetchpriority=\"high\" decoding=\"auto\" title=\"Estrela sul-coreana do k-pop Nana\" style=\"border-radius:var(--solar-border-radius-25);\" data-v-73d45db8=\"\"\/> Estrela sul-coreana do k-pop Nana Imagem: Reprodu\u00e7\u00e3o\/Redes sociais<\/p>\n<p class=\"bullet mt-0\" data-v-232111b4=\"\">A estrela sul-coreana do <a href=\"https:\/\/www.uol.com.br\/splash\/musica\/k-pop\/\" rel=\"nofollow noopener\" target=\"_blank\">k-pop<\/a> Nana sofreu ferimentos e est\u00e1 se recuperando no hospital ap\u00f3s conter um homem que invadiu sua casa, informou a pol\u00edcia neste domingo (16).<\/p>\n<p class=\"bullet\" data-v-232111b4=\"\">O homem invadiu a casa da atriz e cantora na manh\u00e3 de s\u00e1bado e foi dominado por Nana com a ajuda de sua m\u00e3e.<\/p>\n<p class=\"bullet\" data-v-232111b4=\"\">A celebridade de 34 anos e sua m\u00e3e, que sofreu ferimentos graves e ficou inconsciente, est\u00e3o sendo atendidas no hospital, informou a ag\u00eancia de not\u00edcias Yonhap.<\/p>\n","protected":false},"excerpt":{"rendered":"Estrela sul-coreana do k-pop Nana Imagem: Reprodu\u00e7\u00e3o\/Redes sociais A estrela sul-coreana do k-pop Nana sofreu ferimentos e est\u00e1&hellip;\n","protected":false},"author":2,"featured_media":153874,"comment_status":"","ping_status":"","sticky":false,"template":"","format":"standard","meta":{"footnotes":""},"categories":[141],"tags":[114,115,149,150,32,33],"class_list":{"0":"post-153873","1":"post","2":"type-post","3":"status-publish","4":"format-standard","5":"has-post-thumbnail","7":"category-musica","8":"tag-entertainment","9":"tag-entretenimento","10":"tag-music","11":"tag-musica","12":"tag-portugal","13":"tag-pt"},"share_on_mastodon":{"url":"https:\/\/pubeurope.com\/@pt\/115560119451062424","error":""},"_links":{"self":[{"href":"https:\/\/www.europesays.com\/pt\/wp-json\/wp\/v2\/posts\/153873","targetHints":{"allow":["GET"]}}],"collection":[{"href":"https:\/\/www.europesays.com\/pt\/wp-json\/wp\/v2\/posts"}],"about":[{"href":"https:\/\/www.europesays.com\/pt\/wp-json\/wp\/v2\/types\/post"}],"author":[{"embeddable":true,"href":"https:\/\/www.europesays.com\/pt\/wp-json\/wp\/v2\/users\/2"}],"replies":[{"embeddable":true,"href":"https:\/\/www.europesays.com\/pt\/wp-json\/wp\/v2\/comments?post=153873"}],"version-history":[{"count":0,"href":"https:\/\/www.europesays.com\/pt\/wp-json\/wp\/v2\/posts\/153873\/revisions"}],"wp:featuredmedia":[{"embeddable":true,"href":"https:\/\/www.europesays.com\/pt\/wp-json\/wp\/v2\/media\/153874"}],"wp:attachment":[{"href":"https:\/\/www.europesays.com\/pt\/wp-json\/wp\/v2\/media?parent=153873"}],"wp:term":[{"taxonomy":"category","embeddable":true,"href":"https:\/\/www.europesays.com\/pt\/wp-json\/wp\/v2\/categories?post=153873"},{"taxonomy":"post_tag","embeddable":true,"href":"https:\/\/www.europesays.com\/pt\/wp-json\/wp\/v2\/tags?post=153873"}],"curies":[{"name":"wp","href":"https:\/\/api.w.org\/{rel}","templated":true}]}}