{"id":153875,"date":"2025-11-16T15:37:09","date_gmt":"2025-11-16T15:37:09","guid":{"rendered":"https:\/\/www.europesays.com\/pt\/153875\/"},"modified":"2025-11-16T15:37:09","modified_gmt":"2025-11-16T15:37:09","slug":"vazamento-entrega-que-tobey-maguire-tera-a-melhor-cena-de-acao-do-filme","status":"publish","type":"post","link":"https:\/\/www.europesays.com\/pt\/153875\/","title":{"rendered":"Vazamento entrega que Tobey Maguire ter\u00e1 a melhor cena de a\u00e7\u00e3o do filme"},"content":{"rendered":"<p><a href=\"https:\/\/legadodamarvel.com.br\/filme\/vingadores-doomsday\" rel=\"nofollow noopener\" target=\"_blank\">Vingadores 5: Doomsday<\/a> contar\u00e1 com muitos personagens surpreendentes, e novo vazamento revela que o Homem-Aranha do <a href=\"https:\/\/legadodamarvel.com.br\/tag\/tobey-maguire\" rel=\"nofollow noopener\" target=\"_blank\">Tobey Maguire<\/a> ser\u00e1 um deles.<\/p>\n<p>A informa\u00e7\u00e3o \u00e9 do jornalista <a href=\"https:\/\/x.com\/DanielRPK\/status\/1989816758211936376\" rel=\"nofollow\">Daniel Richtman<\/a>, que, desde <a href=\"https:\/\/legadodamarvel.com.br\/tag\/homem-aranha-sem-volta-para-casa\/\" rel=\"nofollow noopener\" target=\"_blank\">Homem-Aranha: Sem Volta Para Casa<\/a>, se tornou uma das principais fontes e vazamento da Marvel.<\/p>\n<p>Em 2021, o jornalista foi o primeiro a revelar que Tobey Maguire e Andrew Garfield retornariam aos seus papeis. E agora, em 2025, ele \u00e9 o primeiro a revelar que o pr\u00f3ximo filme dos Vingadores tamb\u00e9m contar\u00e1 com o retorno de Tobey.<\/p>\n<p>Em Vingadores 5 Tobey Maguire ter\u00e1 cena de a\u00e7\u00e3o de destaque!<\/p>\n<p>Al\u00e9m disso, mais informa\u00e7\u00f5es est\u00e3o surgindo a respeito do retorno do her\u00f3i. Uma outra <a href=\"https:\/\/x.com\/missminutesborn\/status\/1983686446323241016\" rel=\"nofollow\">conta<\/a> de vazamentos, essa an\u00f4nima, revelou que os filmes ter\u00e3o motivo para surtarem no filme.<\/p>\n<p>Segundo a fonte, em Vingadores 5, o Homem-Aranha do Tobey Maguire ter\u00e1 uma das melhores cenas de a\u00e7\u00e3o do filme, no caso <strong>uma luta direta contra o vil\u00e3o Doutor Destino<\/strong>.<\/p>\n<p>Ainda de acordo com a fonte, o combate ser\u00e1 t\u00e3o \u00e9pico que Tobey Maguire chegou a ter leves ferimentos durante a filmagem da cena.<\/p>\n<p>E o Tom Holland e o Andrew Garfield?<\/p>\n<p>Anteriormente, foi dito que o Homem-Aranha do Tom Holland n\u00e3o estaria no filme por conflitos de agenda do ator, que estava ocupado filmando A Odisseia e tamb\u00e9m o 4\u00ba filme solo do her\u00f3i.<\/p>\n<p>Tamb\u00e9m n\u00e3o h\u00e1 qualquer rumor a respeito do retorno do Andrew Garfield. De qualquer forma, ainda que Vingadores 5 tenha apenas o Tobey Maguire, temos certeza que os f\u00e3s ficar\u00e3o satisfeitos.<\/p>\n<p><strong>LEIA TAMB\u00c9M:<\/strong><\/p>\n<p>O que acharam? Deixe sua opini\u00e3o nos coment\u00e1rios e, por fim, continue acompanhando o\u00a0<strong>Legado da Marvel\u00a0<\/strong>para n\u00e3o perder nenhuma novidade!<\/p>\n","protected":false},"excerpt":{"rendered":"Vingadores 5: Doomsday contar\u00e1 com muitos personagens surpreendentes, e novo vazamento revela que o Homem-Aranha do Tobey Maguire&hellip;\n","protected":false},"author":2,"featured_media":153876,"comment_status":"","ping_status":"","sticky":false,"template":"","format":"standard","meta":{"footnotes":""},"categories":[140],"tags":[114,115,147,148,146,32,33,12151,14176],"class_list":{"0":"post-153875","1":"post","2":"type-post","3":"status-publish","4":"format-standard","5":"has-post-thumbnail","7":"category-filmes","8":"tag-entertainment","9":"tag-entretenimento","10":"tag-film","11":"tag-filmes","12":"tag-movies","13":"tag-portugal","14":"tag-pt","15":"tag-tobey-maguire","16":"tag-vingadores-doomsday"},"share_on_mastodon":{"url":"https:\/\/pubeurope.com\/@pt\/115560123203880863","error":""},"_links":{"self":[{"href":"https:\/\/www.europesays.com\/pt\/wp-json\/wp\/v2\/posts\/153875","targetHints":{"allow":["GET"]}}],"collection":[{"href":"https:\/\/www.europesays.com\/pt\/wp-json\/wp\/v2\/posts"}],"about":[{"href":"https:\/\/www.europesays.com\/pt\/wp-json\/wp\/v2\/types\/post"}],"author":[{"embeddable":true,"href":"https:\/\/www.europesays.com\/pt\/wp-json\/wp\/v2\/users\/2"}],"replies":[{"embeddable":true,"href":"https:\/\/www.europesays.com\/pt\/wp-json\/wp\/v2\/comments?post=153875"}],"version-history":[{"count":0,"href":"https:\/\/www.europesays.com\/pt\/wp-json\/wp\/v2\/posts\/153875\/revisions"}],"wp:featuredmedia":[{"embeddable":true,"href":"https:\/\/www.europesays.com\/pt\/wp-json\/wp\/v2\/media\/153876"}],"wp:attachment":[{"href":"https:\/\/www.europesays.com\/pt\/wp-json\/wp\/v2\/media?parent=153875"}],"wp:term":[{"taxonomy":"category","embeddable":true,"href":"https:\/\/www.europesays.com\/pt\/wp-json\/wp\/v2\/categories?post=153875"},{"taxonomy":"post_tag","embeddable":true,"href":"https:\/\/www.europesays.com\/pt\/wp-json\/wp\/v2\/tags?post=153875"}],"curies":[{"name":"wp","href":"https:\/\/api.w.org\/{rel}","templated":true}]}}