{"id":15389,"date":"2025-08-04T11:11:18","date_gmt":"2025-08-04T11:11:18","guid":{"rendered":"https:\/\/www.europesays.com\/pt\/15389\/"},"modified":"2025-08-04T11:11:18","modified_gmt":"2025-08-04T11:11:18","slug":"fc-porto-farioli-com-uma-baixa-na-vespera-da-rececao-ao-atl-madrid","status":"publish","type":"post","link":"https:\/\/www.europesays.com\/pt\/15389\/","title":{"rendered":"FC Porto: Farioli com uma baixa na v\u00e9spera da rece\u00e7\u00e3o ao Atl. Madrid"},"content":{"rendered":"<p style=\"margin-bottom:11px\">O FC Porto prossegue a prepara\u00e7\u00e3o do jogo de apresenta\u00e7\u00e3o diante o Atl\u00e9tico de Madrid. Na manh\u00e3 deste s\u00e1bado, no Olival, Francesco Farioli n\u00e3o contou com Francisco Moura, que continua a recuperar de les\u00e3o. O lateral realizou tratamento e trabalho de gin\u00e1sio, sendo o \u00fanico nome no boletim cl\u00ednico.<\/p>\n<p>Na tarde deste domingo, a partir das 19 horas, os drag\u00f5es medem for\u00e7as com o Atl\u00e9tico de Madrid, o derradeiro particular antes do arranque do campeonato.<\/p>\n","protected":false},"excerpt":{"rendered":"O FC Porto prossegue a prepara\u00e7\u00e3o do jogo de apresenta\u00e7\u00e3o diante o Atl\u00e9tico de Madrid. Na manh\u00e3 deste&hellip;\n","protected":false},"author":2,"featured_media":4120,"comment_status":"","ping_status":"","sticky":false,"template":"","format":"standard","meta":{"footnotes":""},"categories":[87],"tags":[3171,135,2095,282,5624,36,46,2437,462,32,919,33,47,134],"class_list":{"0":"post-15389","1":"post","2":"type-post","3":"status-publish","4":"format-standard","5":"has-post-thumbnail","7":"category-desporto","8":"tag-atletico-madrid","9":"tag-desporto","10":"tag-farioli","11":"tag-fc-porto","12":"tag-francisco-moura","13":"tag-liga","14":"tag-maisfutebol","15":"tag-olival","16":"tag-porto","17":"tag-portugal","18":"tag-pre-epoca","19":"tag-pt","20":"tag-pura-paixao","21":"tag-sports"},"share_on_mastodon":{"url":"","error":""},"_links":{"self":[{"href":"https:\/\/www.europesays.com\/pt\/wp-json\/wp\/v2\/posts\/15389","targetHints":{"allow":["GET"]}}],"collection":[{"href":"https:\/\/www.europesays.com\/pt\/wp-json\/wp\/v2\/posts"}],"about":[{"href":"https:\/\/www.europesays.com\/pt\/wp-json\/wp\/v2\/types\/post"}],"author":[{"embeddable":true,"href":"https:\/\/www.europesays.com\/pt\/wp-json\/wp\/v2\/users\/2"}],"replies":[{"embeddable":true,"href":"https:\/\/www.europesays.com\/pt\/wp-json\/wp\/v2\/comments?post=15389"}],"version-history":[{"count":0,"href":"https:\/\/www.europesays.com\/pt\/wp-json\/wp\/v2\/posts\/15389\/revisions"}],"wp:featuredmedia":[{"embeddable":true,"href":"https:\/\/www.europesays.com\/pt\/wp-json\/wp\/v2\/media\/4120"}],"wp:attachment":[{"href":"https:\/\/www.europesays.com\/pt\/wp-json\/wp\/v2\/media?parent=15389"}],"wp:term":[{"taxonomy":"category","embeddable":true,"href":"https:\/\/www.europesays.com\/pt\/wp-json\/wp\/v2\/categories?post=15389"},{"taxonomy":"post_tag","embeddable":true,"href":"https:\/\/www.europesays.com\/pt\/wp-json\/wp\/v2\/tags?post=15389"}],"curies":[{"name":"wp","href":"https:\/\/api.w.org\/{rel}","templated":true}]}}