{"id":153891,"date":"2025-11-16T15:51:17","date_gmt":"2025-11-16T15:51:17","guid":{"rendered":"https:\/\/www.europesays.com\/pt\/153891\/"},"modified":"2025-11-16T15:51:17","modified_gmt":"2025-11-16T15:51:17","slug":"shawn-mendes-e-visto-comendo-pastel-em-aeroporto-de-campinas-sp","status":"publish","type":"post","link":"https:\/\/www.europesays.com\/pt\/153891\/","title":{"rendered":"Shawn Mendes \u00e9 visto comendo pastel em aeroporto de Campinas (SP)"},"content":{"rendered":"<p class=\"my-5 break-words group-[.isActiveSource]:text-xl\">O cantor Shawn Mendes, 27, foi visto comendo pastel no Aeroporto de Viracopos, em Campinas, no interior de S\u00e3o Paulo, neste s\u00e1bado (15). As imagens foram registradas por f\u00e3s do canadense, que publicaram v\u00eddeos nas redes sociais.<\/p>\n<p class=\"my-5 break-words group-[.isActiveSource]:text-xl\">O artista est\u00e1 no Brasil desde o dia 3 de novembro, quando <a href=\"https:\/\/www.cnnbrasil.com.br\/entretenimento\/shawn-mendes-desembarca-no-rio-para-premio-earthshot-prize\/\" class=\"text-red-600 underline hover:text-red-500 font-medium break-words group-[.isActiveSource]:text-xl\" target=\"_self\" rel=\"nofollow noopener\">desembarcou no Rio de Janeiro<\/a> para participar do <a href=\"https:\/\/www.cnnbrasil.com.br\/entretenimento\/shawn-mendes-vai-a-premiacao-do-principe-willian-no-rio-de-janeiro-veja\/\" class=\"text-red-600 underline hover:text-red-500 font-medium break-words group-[.isActiveSource]:text-xl\" target=\"_self\" rel=\"nofollow noopener\">pr\u00eamio Earthshot Prize<\/a>, organizado pelo pr\u00edncipe William. Na capital fluminense, a voz de &#8220;There&#8217;s Nothing Holding Me Back&#8221; visitou pontos tur\u00edsticos tradicionais, foi \u00e0 praia e atendeu f\u00e3s.<\/p>\n<p class=\"my-5 break-words group-[.isActiveSource]:text-xl\">A <a href=\"https:\/\/www.cnnbrasil.com.br\/entretenimento\/fas-praia-e-ivete-sangalo-como-foi-a-semana-de-shawn-mendes-no-brasil\/\" class=\"text-red-600 underline hover:text-red-500 font-medium break-words group-[.isActiveSource]:text-xl\" target=\"_self\" rel=\"nofollow noopener\">pr\u00f3xima parada de Shawn Mendes no Brasil<\/a> foi em Salvador, onde o cantor ficou grudado na fam\u00edlia da brasileira Ivete Sangalo. Na Bahia, o canadense tamb\u00e9m foi \u00e0 praia, <a href=\"https:\/\/www.cnnbrasil.com.br\/entretenimento\/shawn-mendes-e-filho-de-ivete-posam-em-foto-na-casa-da-artista-em-salvador\/\" class=\"text-red-600 underline hover:text-red-500 font-medium break-words group-[.isActiveSource]:text-xl\" target=\"_self\" rel=\"nofollow noopener\">posou para fotos com Ivete e seu filho Marcelo<\/a> e <a href=\"https:\/\/www.cnnbrasil.com.br\/entretenimento\/shawn-mendes-invade-ensaio-de-brown-com-ivete-sangalo-veja\/\" class=\"text-red-600 underline hover:text-red-500 font-medium break-words group-[.isActiveSource]:text-xl\" target=\"_self\" rel=\"nofollow noopener\">assistiu a um ensaio da cantora com Carlinhos Brown<\/a>. A proximidade com a baiana fez o artista ser rebatizado pela web, que passou a cham\u00e1-lo de <a href=\"https:\/\/www.cnnbrasil.com.br\/entretenimento\/shawn-sangalo-mendes-web-reage-a-passagem-do-artista-pelo-brasil\/\" class=\"text-red-600 underline hover:text-red-500 font-medium break-words group-[.isActiveSource]:text-xl\" target=\"_self\" rel=\"nofollow noopener\">Shawn Sangalo Mendes<\/a>.<\/p>\n<p class=\"my-5 break-words group-[.isActiveSource]:text-xl\">\u00c9 a segunda vez neste ano que o cantor canadense vem ao Brasil. O artista foi o headliner do segundo dia do Lollapalooza 2025.<\/p>\n<blockquote class=\"twitter-tweet !mx-auto\" data-media-max-width=\"560\">\n<p dir=\"ltr\" lang=\"pt\" class=\"my-5 break-words group-[.isActiveSource]:text-xl\">\ud83c\udfa5 | Shawn Mendes comendo um pastel hoje no aeroporto de Campinas. <a href=\"https:\/\/t.co\/Wq9sGn9xJj\" class=\"text-red-600 underline hover:text-red-500 font-medium break-words group-[.isActiveSource]:text-xl\" target=\"_blank\" rel=\"noopener noreferrer nofollow\">pic.twitter.com\/Wq9sGn9xJj<\/a><\/p>\n<p class=\"my-5 break-words group-[.isActiveSource]:text-xl\">\u2014 Hey Shawn Brasil (@HeyShawnBR) <a href=\"https:\/\/twitter.com\/HeyShawnBR\/status\/1989734874425823724?ref_src=twsrc%5Etfw\" class=\"text-red-600 underline hover:text-red-500 font-medium break-words group-[.isActiveSource]:text-xl\" target=\"_blank\" rel=\"noopener noreferrer nofollow\">November 15, 2025<\/a><\/p>\n<\/blockquote>\n<p><script async src=\"https:\/\/platform.twitter.com\/widgets.js\" charset=\"utf-8\"><\/script><\/p>\n","protected":false},"excerpt":{"rendered":"O cantor Shawn Mendes, 27, foi visto comendo pastel no Aeroporto de Viracopos, em Campinas, no interior de&hellip;\n","protected":false},"author":2,"featured_media":153892,"comment_status":"","ping_status":"","sticky":false,"template":"","format":"standard","meta":{"footnotes":""},"categories":[141],"tags":[114,115,149,150,32,33],"class_list":{"0":"post-153891","1":"post","2":"type-post","3":"status-publish","4":"format-standard","5":"has-post-thumbnail","7":"category-musica","8":"tag-entertainment","9":"tag-entretenimento","10":"tag-music","11":"tag-musica","12":"tag-portugal","13":"tag-pt"},"share_on_mastodon":{"url":"https:\/\/pubeurope.com\/@pt\/115560178300328210","error":""},"_links":{"self":[{"href":"https:\/\/www.europesays.com\/pt\/wp-json\/wp\/v2\/posts\/153891","targetHints":{"allow":["GET"]}}],"collection":[{"href":"https:\/\/www.europesays.com\/pt\/wp-json\/wp\/v2\/posts"}],"about":[{"href":"https:\/\/www.europesays.com\/pt\/wp-json\/wp\/v2\/types\/post"}],"author":[{"embeddable":true,"href":"https:\/\/www.europesays.com\/pt\/wp-json\/wp\/v2\/users\/2"}],"replies":[{"embeddable":true,"href":"https:\/\/www.europesays.com\/pt\/wp-json\/wp\/v2\/comments?post=153891"}],"version-history":[{"count":0,"href":"https:\/\/www.europesays.com\/pt\/wp-json\/wp\/v2\/posts\/153891\/revisions"}],"wp:featuredmedia":[{"embeddable":true,"href":"https:\/\/www.europesays.com\/pt\/wp-json\/wp\/v2\/media\/153892"}],"wp:attachment":[{"href":"https:\/\/www.europesays.com\/pt\/wp-json\/wp\/v2\/media?parent=153891"}],"wp:term":[{"taxonomy":"category","embeddable":true,"href":"https:\/\/www.europesays.com\/pt\/wp-json\/wp\/v2\/categories?post=153891"},{"taxonomy":"post_tag","embeddable":true,"href":"https:\/\/www.europesays.com\/pt\/wp-json\/wp\/v2\/tags?post=153891"}],"curies":[{"name":"wp","href":"https:\/\/api.w.org\/{rel}","templated":true}]}}