{"id":153893,"date":"2025-11-16T15:52:12","date_gmt":"2025-11-16T15:52:12","guid":{"rendered":"https:\/\/www.europesays.com\/pt\/153893\/"},"modified":"2025-11-16T15:52:12","modified_gmt":"2025-11-16T15:52:12","slug":"magneto-retorna-com-visual-inedito-e-ele-supera-o-dos-filmes-antigos","status":"publish","type":"post","link":"https:\/\/www.europesays.com\/pt\/153893\/","title":{"rendered":"Magneto retorna com visual in\u00e9dito \u2013 e ele supera o dos filmes antigos"},"content":{"rendered":"<p><a href=\"https:\/\/legadodamarvel.com.br\/filme\/vingadores-doomsday\" rel=\"nofollow noopener\" target=\"_blank\">Vingadores 5: Doomsday<\/a> contar\u00e1 com o retorno de diversos personagens dos filmes antigos dos X-Men, incluindo o pr\u00f3prio <strong>Magneto<\/strong>.<\/p>\n<p>Sim, ap\u00f3s 12 anos, <a href=\"https:\/\/legadodamarvel.com.br\/tag\/ian-mckellen\" rel=\"nofollow noopener\" target=\"_blank\">Ian Mckellen<\/a> voltar\u00e1 a interpretar o personagem. Vela lembrar que sua \u00faltima apari\u00e7\u00e3o como Magneto foi em X-Men: Dias de um Futuro Esquecido.<\/p>\n<p>No entanto, gra\u00e7as ao multiverso, agora o personagem est\u00e1 de volta. E como n\u00e3o poderia deixar de ser, o Magneto ganhar\u00e1 um visual totalmente completamente in\u00e9dito no filme.<\/p>\n<p>Vingadores 5 dar\u00e1 o melhor visual do Magneto nos filmes!<\/p>\n<p>Anteriormente, acabou vazando uma imagem com o visual oficial dos personagens no filme. Infelizmente, a imagem surgiu cortada justamente em cima do Magneto. Relembre:<\/p>\n<p> <img loading=\"lazy\" decoding=\"async\" class=\"lazyload aligncenter size-full wp-image-165522\" viewbox=\"0 0 1200 669\" src=\"https:\/\/www.europesays.com\/pt\/wp-content\/uploads\/2025\/11\/vingadores-5-imagem-vazada-pantera-negra-legadodamarvel.webp.webp\" alt=\"\" width=\"1200\" height=\"669\"  data-\/><\/p>\n<p>A \u00fanica coisa que pudemos notar \u00e9 que agora o personagem usar\u00e1 um traje vermelho, melhor que as roupas pretas que o mutante usou nos filmes antigos.<\/p>\n<p>Mas as boas not\u00edcias n\u00e3o param por a\u00ed. O insider <a href=\"https:\/\/x.com\/variablelace\/status\/1989522804644209102?s=46\" rel=\"nofollow\">Alex<\/a>, que j\u00e1 vazou algumas imagens e artes de produ\u00e7\u00f5es da Marvel, descreveu como ser\u00e1 o visual completo do mutante no filme.<\/p>\n<p>De acordo com a fonte, al\u00e9m do traje vermelho, em Vingadores 5 o Magneto usar\u00e1 um capacete fiel aos quadrinhos, com mais detalhes roxos. Al\u00e9m disso,  o mutante tamb\u00e9m estar\u00e1 com um cabelo comprido, similar a como o vimos em <a href=\"https:\/\/legadodamarvel.com.br\/tag\/x-men-97\" rel=\"nofollow noopener\" target=\"_blank\">X-Men \u201997<\/a>.<\/p>\n<p>Visual mais fiel dos X-Men!<\/p>\n<p>Como vimos na imagem acima, o Magneto n\u00e3o ser\u00e1 o \u00fanico com visual mais fiel aos quadrinhos. A Marvel buscou visual mais colorido para todos os X-Men que estar\u00e3o em Vingadores 5.<\/p>\n<p>Ainda n\u00e3o sabemos qual ser\u00e1 exatamente o papel dos mutantes no filme, mas \u00e9 conhecido que eles ter\u00e3o uma grande batalha contra os Vingadores. Este momento, ali\u00e1s, promete ser um dos melhores na hist\u00f3ria do MCU.<\/p>\n<p><strong>LEIA TAMB\u00c9M:<\/strong><\/p>\n<p>O que acharam? Deixe sua opini\u00e3o nos coment\u00e1rios e, por fim, continue acompanhando o\u00a0<strong>Legado da Marvel\u00a0<\/strong>para n\u00e3o perder nenhuma novidade!<\/p>\n","protected":false},"excerpt":{"rendered":"Vingadores 5: Doomsday contar\u00e1 com o retorno de diversos personagens dos filmes antigos dos X-Men, incluindo o pr\u00f3prio&hellip;\n","protected":false},"author":2,"featured_media":153894,"comment_status":"","ping_status":"","sticky":false,"template":"","format":"standard","meta":{"footnotes":""},"categories":[140],"tags":[114,115,147,148,33158,146,32,33,14176],"class_list":{"0":"post-153893","1":"post","2":"type-post","3":"status-publish","4":"format-standard","5":"has-post-thumbnail","7":"category-filmes","8":"tag-entertainment","9":"tag-entretenimento","10":"tag-film","11":"tag-filmes","12":"tag-magneto","13":"tag-movies","14":"tag-portugal","15":"tag-pt","16":"tag-vingadores-doomsday"},"share_on_mastodon":{"url":"https:\/\/pubeurope.com\/@pt\/115560182422951700","error":""},"_links":{"self":[{"href":"https:\/\/www.europesays.com\/pt\/wp-json\/wp\/v2\/posts\/153893","targetHints":{"allow":["GET"]}}],"collection":[{"href":"https:\/\/www.europesays.com\/pt\/wp-json\/wp\/v2\/posts"}],"about":[{"href":"https:\/\/www.europesays.com\/pt\/wp-json\/wp\/v2\/types\/post"}],"author":[{"embeddable":true,"href":"https:\/\/www.europesays.com\/pt\/wp-json\/wp\/v2\/users\/2"}],"replies":[{"embeddable":true,"href":"https:\/\/www.europesays.com\/pt\/wp-json\/wp\/v2\/comments?post=153893"}],"version-history":[{"count":0,"href":"https:\/\/www.europesays.com\/pt\/wp-json\/wp\/v2\/posts\/153893\/revisions"}],"wp:featuredmedia":[{"embeddable":true,"href":"https:\/\/www.europesays.com\/pt\/wp-json\/wp\/v2\/media\/153894"}],"wp:attachment":[{"href":"https:\/\/www.europesays.com\/pt\/wp-json\/wp\/v2\/media?parent=153893"}],"wp:term":[{"taxonomy":"category","embeddable":true,"href":"https:\/\/www.europesays.com\/pt\/wp-json\/wp\/v2\/categories?post=153893"},{"taxonomy":"post_tag","embeddable":true,"href":"https:\/\/www.europesays.com\/pt\/wp-json\/wp\/v2\/tags?post=153893"}],"curies":[{"name":"wp","href":"https:\/\/api.w.org\/{rel}","templated":true}]}}