{"id":153901,"date":"2025-11-16T15:58:14","date_gmt":"2025-11-16T15:58:14","guid":{"rendered":"https:\/\/www.europesays.com\/pt\/153901\/"},"modified":"2025-11-16T15:58:14","modified_gmt":"2025-11-16T15:58:14","slug":"doenca-da-i-guerra-mundial-esta-a-espalhar-se-entre-os-soldados-ucranianos","status":"publish","type":"post","link":"https:\/\/www.europesays.com\/pt\/153901\/","title":{"rendered":"Doen\u00e7a da I Guerra Mundial est\u00e1 a espalhar-se entre os soldados ucranianos"},"content":{"rendered":"<p class=\"wp-caption-text top\">Press service of the 24 Mechanized brigade\/EPA<\/p>\n<p><img decoding=\"async\" loading=\"lazy\" class=\"size-kopa-image-size-3 wp-image-620606\" src=\"https:\/\/www.europesays.com\/pt\/wp-content\/uploads\/2025\/11\/019a4ba94d6a911e647e1a6084781ee7-783x450.jpg\" alt=\"\" width=\"700\" height=\"402\"  \/><\/p>\n<p class=\"wp-caption-text bot\">Soldado ucraniano a fumar num abrigo numa posi\u00e7\u00e3o da linha da frente perto de Chasiv Yar, na regi\u00e3o de Donetsk, na Ucr\u00e2nia.<\/p>\n<p><strong>A gangrena gasosa \u2013 uma doen\u00e7a associada \u00e0s trincheiras da I Guerra Mundial \u2013 parece ter regressado \u00e0 guerra da Ucr\u00e2nia. Se n\u00e3o for tratada a tempo, a taxa de mortalidade \u00e9 de praticamente 100%.<br \/><\/strong><\/p>\n<p>Segundo o <a href=\"https:\/\/www.telegraph.co.uk\/global-health\/terror-and-security\/gas-gangrene-ukraine-war-russia-trenches-europe\/\" data-wpel-link=\"external\" target=\"_blank\" rel=\"nofollow external noopener noreferrer\" class=\"ext-link\">The Telegraph<\/a>, os m\u00e9dicos ucranianos est\u00e3o a relatar casos de <strong>gangrena gasosa <\/strong>\u2013 uma condi\u00e7\u00e3o outrora estreitamente associada \u00e0s trincheiras da I Guerra Mundial e h\u00e1 muito considerada praticamente erradicada na Europa.<\/p>\n<p>A gangrena gasosa \u00e9 uma infe\u00e7\u00e3o muscular grave causada principalmente por bact\u00e9rias Clostridium, nomeadas pelas bolhas de g\u00e1s que se formam por baixo da pele. As bact\u00e9rias Clostridium prosperam em tecido necr\u00f3tico privado de oxig\u00e9nio, causando dor severa, incha\u00e7o, descolora\u00e7\u00e3o do tecido e uma sensa\u00e7\u00e3o de crepita\u00e7\u00e3o para o paciente \u00e0 medida que o g\u00e1s se move.<\/p>\n<p>O tratamento da gangrena gasosa \u00e9 dif\u00edcil, e a recupera\u00e7\u00e3o est\u00e1 longe de garantida, mesmo nos melhores hospitais. <strong>Se n\u00e3o for tratada a tempo, a taxa de mortalidade \u00e9 de praticamente 100%<\/strong>.<\/p>\n<p>A gangrena gasosa est\u00e1 historicamente associada \u00e0 I Guerra Mundial devido \u00e0 combina\u00e7\u00e3o \u00fanica de condi\u00e7\u00f5es de campo de batalha, ferimentos graves e cuidados m\u00e9dicos limitados.<\/p>\n<p>Segundo os especialistas ouvis pelo jornal brit\u00e2nico, este ressurgimento da doen\u00e7a na Ucr\u00e2nia deve-se \u00e0s <strong>condi\u00e7\u00f5es insalubres das trincheiras<\/strong>.<\/p>\n<p>Na I Grande Guerra, os soldados tamb\u00e9m combatiam em trincheiras lamacentas e h\u00famidas e em campos frequentemente fertilizados com estrume, ambos os quais transportavam bact\u00e9rias Clostridium.<\/p>\n<p>Balas e estilha\u00e7os causavam feridas profundas e complexas com vasto tecido morto, criando o ambiente ideal para as bact\u00e9rias prosperarem. As evacua\u00e7\u00f5es e interven\u00e7\u00f5es cir\u00fargicas eram frequentemente atrasadas e as infe\u00e7\u00f5es espalhavam-se rapidamente.<\/p>\n<p>Hoje, os desafios com a evacua\u00e7\u00e3o e problemas com antibi\u00f3ticos est\u00e3o a permitir que estas doen\u00e7as outrora julgadas dizimadas voltem.<\/p>\n<p>Segundo contou Alex, ao The Telegraph, um m\u00e9dico volunt\u00e1rio estrangeiro na \u00e1rea de Zaporizhzhia, as <strong>trincheiras atuais tamb\u00e9m est\u00e3o mal equipadas para lidar com as complica\u00e7\u00f5es que causam gangrena gasosa<\/strong>.<\/p>\n<p>A piorar a situa\u00e7\u00e3o, os <strong>soldados feridos t\u00eam que esperar muito tempo por assist\u00eancia<\/strong>.<\/p>\n<p>    <a href=\"https:\/\/zap.aeiou.pt\/subscrever-newsletter\" data-wpel-link=\"internal\" rel=\"nofollow noopener\" target=\"_blank\">&#13;<br \/>\n        <img loading=\"lazy\" decoding=\"async\" class=\"aligncenter size-full wp-image-575475\" src=\"https:\/\/www.europesays.com\/pt\/wp-content\/uploads\/2025\/11\/2d51fe4a0ba54894421ead1809309ed9-1-450x140.jpg\" alt=\"Subscreva a Newsletter ZAP\" width=\"450\" height=\"140\"\/>&#13;<br \/>\n    <\/a><\/p>\n<p>                <a href=\"https:\/\/whatsapp.com\/channel\/0029VaIC4EE2f3EJZPPSbR34\" data-wpel-link=\"external\" target=\"_blank\" rel=\"nofollow external noopener noreferrer\" class=\"ext-link\">&#13;<br \/>\n                    <img loading=\"lazy\" decoding=\"async\" class=\"aligncenter size-full wp-image-575475\" src=\"https:\/\/www.europesays.com\/pt\/wp-content\/uploads\/2025\/11\/c68c559d956d4ca20f435ed74a6e71e6.png\" alt=\"Siga-nos no WhatsApp\" width=\"175\" height=\"64\"\/>&#13;<br \/>\n                <\/a><\/p>\n<p>                <a href=\"https:\/\/news.google.com\/publications\/CAAiEHRwZondIV71PDjWNoqMduEqFAgKIhB0cGaJ3SFe9Tw41jaKjHbh?hl=en-US&amp;gl=US&amp;ceid=US%3Aen\" data-wpel-link=\"external\" target=\"_blank\" rel=\"nofollow external noopener noreferrer\" class=\"ext-link\">&#13;<br \/>\n                    <img loading=\"lazy\" decoding=\"async\" class=\"aligncenter size-full wp-image-575475\" src=\"https:\/\/www.europesays.com\/pt\/wp-content\/uploads\/2025\/11\/5123dd8b087b644fdb8f8603acd1bad4.png\" alt=\"Siga-nos no Google News\" width=\"176\" height=\"64\"\/>&#13;<br \/>\n                <\/a><\/p>\n","protected":false},"excerpt":{"rendered":"Press service of the 24 Mechanized brigade\/EPA Soldado ucraniano a fumar num abrigo numa posi\u00e7\u00e3o da linha da&hellip;\n","protected":false},"author":2,"featured_media":153902,"comment_status":"","ping_status":"","sticky":false,"template":"","format":"standard","meta":{"footnotes":""},"categories":[50],"tags":[33159,27,28,269,15,16,830,14,25,26,21,22,62,12,13,19,20,23,24,839,117,17,18,840,29,30,31,63,64,65],"class_list":{"0":"post-153901","1":"post","2":"type-post","3":"status-publish","4":"format-standard","5":"has-post-thumbnail","7":"category-mundo","8":"tag-1a-guerra-mundial","9":"tag-breaking-news","10":"tag-breakingnews","11":"tag-capa","12":"tag-featured-news","13":"tag-featurednews","14":"tag-guerra","15":"tag-headlines","16":"tag-latest-news","17":"tag-latestnews","18":"tag-main-news","19":"tag-mainnews","20":"tag-mundo","21":"tag-news","22":"tag-noticias","23":"tag-noticias-principais","24":"tag-noticiasprincipais","25":"tag-principais-noticias","26":"tag-principaisnoticias","27":"tag-russia","28":"tag-saude","29":"tag-top-stories","30":"tag-topstories","31":"tag-ucrania","32":"tag-ultimas","33":"tag-ultimas-noticias","34":"tag-ultimasnoticias","35":"tag-world","36":"tag-world-news","37":"tag-worldnews"},"share_on_mastodon":{"url":"https:\/\/pubeurope.com\/@pt\/115560206094079597","error":""},"_links":{"self":[{"href":"https:\/\/www.europesays.com\/pt\/wp-json\/wp\/v2\/posts\/153901","targetHints":{"allow":["GET"]}}],"collection":[{"href":"https:\/\/www.europesays.com\/pt\/wp-json\/wp\/v2\/posts"}],"about":[{"href":"https:\/\/www.europesays.com\/pt\/wp-json\/wp\/v2\/types\/post"}],"author":[{"embeddable":true,"href":"https:\/\/www.europesays.com\/pt\/wp-json\/wp\/v2\/users\/2"}],"replies":[{"embeddable":true,"href":"https:\/\/www.europesays.com\/pt\/wp-json\/wp\/v2\/comments?post=153901"}],"version-history":[{"count":0,"href":"https:\/\/www.europesays.com\/pt\/wp-json\/wp\/v2\/posts\/153901\/revisions"}],"wp:featuredmedia":[{"embeddable":true,"href":"https:\/\/www.europesays.com\/pt\/wp-json\/wp\/v2\/media\/153902"}],"wp:attachment":[{"href":"https:\/\/www.europesays.com\/pt\/wp-json\/wp\/v2\/media?parent=153901"}],"wp:term":[{"taxonomy":"category","embeddable":true,"href":"https:\/\/www.europesays.com\/pt\/wp-json\/wp\/v2\/categories?post=153901"},{"taxonomy":"post_tag","embeddable":true,"href":"https:\/\/www.europesays.com\/pt\/wp-json\/wp\/v2\/tags?post=153901"}],"curies":[{"name":"wp","href":"https:\/\/api.w.org\/{rel}","templated":true}]}}