{"id":153909,"date":"2025-11-16T16:07:12","date_gmt":"2025-11-16T16:07:12","guid":{"rendered":"https:\/\/www.europesays.com\/pt\/153909\/"},"modified":"2025-11-16T16:07:12","modified_gmt":"2025-11-16T16:07:12","slug":"vilao-de-homem-de-ferro-3-e-destaque-em-nova-imagem","status":"publish","type":"post","link":"https:\/\/www.europesays.com\/pt\/153909\/","title":{"rendered":"Vil\u00e3o de Homem de Ferro 3 \u00e9 destaque em nova imagem"},"content":{"rendered":"<p><a href=\"https:\/\/legadodamarvel.com.br\/serie\/magnum\" rel=\"nofollow noopener\" target=\"_blank\">Magnum<\/a>, nome brasileiro para o Wonder Man, \u00e9 o pr\u00f3ximo lan\u00e7amento oficial da Marvel Studios. A s\u00e9rie chega ao Disney+ no final de janeiro de 2026 e ela continua as conex\u00f5es mais aleat\u00f3rias do MCU.<\/p>\n<p>Afinal, o diretor <a href=\"https:\/\/legadodamarvel.com.br\/tag\/destin-daniel-cretton\" rel=\"nofollow noopener\" target=\"_blank\">Destin Daniel Cretton<\/a> trouxe de volta o Mandarim falso de <a href=\"https:\/\/legadodamarvel.com.br\/tag\/homem-de-ferro-3\" rel=\"nofollow noopener\" target=\"_blank\">Homem de Ferro 3<\/a> para o filme do <a href=\"https:\/\/legadodamarvel.com.br\/tag\/shang-chi-e-a-lenda-dos-dez-aneis\" rel=\"nofollow noopener\" target=\"_blank\">Shang-Chi<\/a>. Depois de reintroduzir Trevor Slattery\u2026 ele agora assume o papel de co-protagonista da s\u00e9rie!<\/p>\n<p>\u00c9 uma ideia ousada. Ainda mais quando lembramos o quanto o personagem interpretado por <strong>Ben Kingsley<\/strong> gerou muitas discuss\u00f5es l\u00e1 em 2013.<\/p>\n<p>Mas \u00e9 ineg\u00e1vel que o personagem \u00e9 HIL\u00c1RIO. E uma vez que j\u00e1 tivemos um vislumbre do Mandarim verdadeiro, os f\u00e3s da Marvel podem seguir e frente e acompanhar um pouco mais desse personagem t\u00e3o problem\u00e1tico.<\/p>\n<p>Queira ou n\u00e3o\u2026 vem a\u00ed!<\/p>\n<p>Magnum ter\u00e1 o retorno do Mandarim Falso<\/p>\n<p>O Collider divulgou uma nova imagem da s\u00e9rie, mostrando Kingsley em uma conversa com o novo protagonista do MCU: <strong>Yahya Abdul-Mateen II<\/strong>.<\/p>\n<p>Pelos trailers, podemos ver que Simon Williams e o Mandarim Falso v\u00e3o trabalhar juntos. Uma vez que os dois s\u00e3o atores e a escala\u00e7\u00e3o pro filme do \u201cMagnum\u201d deve ser o grande foco dos epis\u00f3dios.<\/p>\n<p>Confira a foto:<\/p>\n<p><img loading=\"lazy\" decoding=\"async\" width=\"1000\" height=\"667\" viewbox=\"0 0 1000 667\" src=\"https:\/\/www.europesays.com\/pt\/wp-content\/uploads\/2025\/11\/legadodamarvel-magnum-trevor-slattery-wonder-man.webp.webp\" alt=\"\" class=\"lazyload wp-image-165581\"  data-\/><\/p>\n<p>Ser\u00e1 que teremos uma dupla improv\u00e1vel vindo a\u00ed? Considerando que Destin conseguiu incluir o Trevor em um campo de batalha fant\u00e1stico em Shang-Chi, agora tudo parece poss\u00edvel com ele estando em seu \u2018habitat natural\u2019!<\/p>\n<p>Voc\u00ea gosta de ver a Marvel voltando a explorar os temas, eventos e personagens de um filme t\u00e3o antigo? Ou acha que deveriam aposentar o Trevor?<\/p>\n<p><strong>LEIA TAMB\u00c9M:<\/strong><\/p>\n<p>Enfim, comente logo abaixo e siga de olho aqui no <strong>Legado da Marvel<\/strong> para mais informa\u00e7\u00f5es e curiosidades!<\/p>\n","protected":false},"excerpt":{"rendered":"Magnum, nome brasileiro para o Wonder Man, \u00e9 o pr\u00f3ximo lan\u00e7amento oficial da Marvel Studios. A s\u00e9rie chega&hellip;\n","protected":false},"author":2,"featured_media":153910,"comment_status":"","ping_status":"","sticky":false,"template":"","format":"standard","meta":{"footnotes":""},"categories":[140],"tags":[114,115,147,148,33160,146,32,33],"class_list":{"0":"post-153909","1":"post","2":"type-post","3":"status-publish","4":"format-standard","5":"has-post-thumbnail","7":"category-filmes","8":"tag-entertainment","9":"tag-entretenimento","10":"tag-film","11":"tag-filmes","12":"tag-magnum-serie","13":"tag-movies","14":"tag-portugal","15":"tag-pt"},"share_on_mastodon":{"url":"https:\/\/pubeurope.com\/@pt\/115560241275761327","error":""},"_links":{"self":[{"href":"https:\/\/www.europesays.com\/pt\/wp-json\/wp\/v2\/posts\/153909","targetHints":{"allow":["GET"]}}],"collection":[{"href":"https:\/\/www.europesays.com\/pt\/wp-json\/wp\/v2\/posts"}],"about":[{"href":"https:\/\/www.europesays.com\/pt\/wp-json\/wp\/v2\/types\/post"}],"author":[{"embeddable":true,"href":"https:\/\/www.europesays.com\/pt\/wp-json\/wp\/v2\/users\/2"}],"replies":[{"embeddable":true,"href":"https:\/\/www.europesays.com\/pt\/wp-json\/wp\/v2\/comments?post=153909"}],"version-history":[{"count":0,"href":"https:\/\/www.europesays.com\/pt\/wp-json\/wp\/v2\/posts\/153909\/revisions"}],"wp:featuredmedia":[{"embeddable":true,"href":"https:\/\/www.europesays.com\/pt\/wp-json\/wp\/v2\/media\/153910"}],"wp:attachment":[{"href":"https:\/\/www.europesays.com\/pt\/wp-json\/wp\/v2\/media?parent=153909"}],"wp:term":[{"taxonomy":"category","embeddable":true,"href":"https:\/\/www.europesays.com\/pt\/wp-json\/wp\/v2\/categories?post=153909"},{"taxonomy":"post_tag","embeddable":true,"href":"https:\/\/www.europesays.com\/pt\/wp-json\/wp\/v2\/tags?post=153909"}],"curies":[{"name":"wp","href":"https:\/\/api.w.org\/{rel}","templated":true}]}}