{"id":153916,"date":"2025-11-16T16:14:11","date_gmt":"2025-11-16T16:14:11","guid":{"rendered":"https:\/\/www.europesays.com\/pt\/153916\/"},"modified":"2025-11-16T16:14:11","modified_gmt":"2025-11-16T16:14:11","slug":"reino-unido-vai-limitar-a-protecao-concedida-aos-refugiados-observador","status":"publish","type":"post","link":"https:\/\/www.europesays.com\/pt\/153916\/","title":{"rendered":"Reino Unido vai limitar a prote\u00e7\u00e3o concedida aos refugiados \u2013 Observador"},"content":{"rendered":"<p>O Governo brit\u00e2nico vai reduzir a prote\u00e7\u00e3o concedida aos refugiados, que ser\u00e3o \u201cobrigados a regressar ao seu pa\u00eds de origem logo que seja considerado seguro\u201d, anunciou o Minist\u00e9rio do Interior num comunicado este s\u00e1bado.<\/p>\n<p>Esta medida faz parte de uma s\u00e9rie de reformas, que dever\u00e3o ser apresentadas e detalhadas na pr\u00f3xima semana pelo Governo, com o objetivo de reduzir o n\u00famero de migrantes a chegar ao Reino Unido.<\/p>\n<p>Atualmente, o estatuto de refugiado no Reino Unido dura cinco anos, ap\u00f3s os quais estas pessoas podem pedir autoriza\u00e7\u00e3o de resid\u00eancia permanente e ficam com um caminho aberto para tentarem obter a cidadania.<\/p>\n<p>Alguns jornais brit\u00e2nicos tinham j\u00e1 noticiado que a ministra do Interior, Shabana Mahmood, ia anunciar esta medida, inspirada no sistema migrat\u00f3rio dinamarqu\u00eas.<\/p>\n<p>Londres vai tamb\u00e9m eliminar o acesso autom\u00e1tico \u00e0s ajudas sociais para os requerentes de asilo, no \u00e2mbito da reforma destinada a combater a imigra\u00e7\u00e3o irregular, anunciou o Minist\u00e9rio do Interior.<\/p>\n<p>\u201cNo \u00e2mbito de um plano hist\u00f3rico, as ajudas autom\u00e1ticas concedidas \u00e0s pessoas que pedem asilo v\u00e3o chegar ao fim\u201d, l\u00ea-se no comunicado do Minist\u00e9rio.<\/p>\n<p>A ministra Shabana Mahmood deve detalhar na segunda-feira o seu plano, apresentando-o no parlamento, plano esse que pretende tornar o Reino Unido um destino menos atraente para os migrantes indocumentados, assim como facilitar a sua deporta\u00e7\u00e3o.<\/p>\n","protected":false},"excerpt":{"rendered":"O Governo brit\u00e2nico vai reduzir a prote\u00e7\u00e3o concedida aos refugiados, que ser\u00e3o \u201cobrigados a regressar ao seu pa\u00eds&hellip;\n","protected":false},"author":2,"featured_media":153917,"comment_status":"","ping_status":"","sticky":false,"template":"","format":"standard","meta":{"footnotes":""},"categories":[50],"tags":[27,28,445,15,16,14,25,26,21,22,62,12,13,19,20,23,24,2336,713,17,18,29,30,31,63,64,65],"class_list":{"0":"post-153916","1":"post","2":"type-post","3":"status-publish","4":"format-standard","5":"has-post-thumbnail","7":"category-mundo","8":"tag-breaking-news","9":"tag-breakingnews","10":"tag-europa","11":"tag-featured-news","12":"tag-featurednews","13":"tag-headlines","14":"tag-latest-news","15":"tag-latestnews","16":"tag-main-news","17":"tag-mainnews","18":"tag-mundo","19":"tag-news","20":"tag-noticias","21":"tag-noticias-principais","22":"tag-noticiasprincipais","23":"tag-principais-noticias","24":"tag-principaisnoticias","25":"tag-refugiados","26":"tag-reino-unido","27":"tag-top-stories","28":"tag-topstories","29":"tag-ultimas","30":"tag-ultimas-noticias","31":"tag-ultimasnoticias","32":"tag-world","33":"tag-world-news","34":"tag-worldnews"},"share_on_mastodon":{"url":"","error":""},"_links":{"self":[{"href":"https:\/\/www.europesays.com\/pt\/wp-json\/wp\/v2\/posts\/153916","targetHints":{"allow":["GET"]}}],"collection":[{"href":"https:\/\/www.europesays.com\/pt\/wp-json\/wp\/v2\/posts"}],"about":[{"href":"https:\/\/www.europesays.com\/pt\/wp-json\/wp\/v2\/types\/post"}],"author":[{"embeddable":true,"href":"https:\/\/www.europesays.com\/pt\/wp-json\/wp\/v2\/users\/2"}],"replies":[{"embeddable":true,"href":"https:\/\/www.europesays.com\/pt\/wp-json\/wp\/v2\/comments?post=153916"}],"version-history":[{"count":0,"href":"https:\/\/www.europesays.com\/pt\/wp-json\/wp\/v2\/posts\/153916\/revisions"}],"wp:featuredmedia":[{"embeddable":true,"href":"https:\/\/www.europesays.com\/pt\/wp-json\/wp\/v2\/media\/153917"}],"wp:attachment":[{"href":"https:\/\/www.europesays.com\/pt\/wp-json\/wp\/v2\/media?parent=153916"}],"wp:term":[{"taxonomy":"category","embeddable":true,"href":"https:\/\/www.europesays.com\/pt\/wp-json\/wp\/v2\/categories?post=153916"},{"taxonomy":"post_tag","embeddable":true,"href":"https:\/\/www.europesays.com\/pt\/wp-json\/wp\/v2\/tags?post=153916"}],"curies":[{"name":"wp","href":"https:\/\/api.w.org\/{rel}","templated":true}]}}