{"id":153918,"date":"2025-11-16T16:15:18","date_gmt":"2025-11-16T16:15:18","guid":{"rendered":"https:\/\/www.europesays.com\/pt\/153918\/"},"modified":"2025-11-16T16:15:18","modified_gmt":"2025-11-16T16:15:18","slug":"destrocos-comecam-a-ser-removidos-no-parque-de-campismo-de-albufeira","status":"publish","type":"post","link":"https:\/\/www.europesays.com\/pt\/153918\/","title":{"rendered":"Destro\u00e7os come\u00e7am a ser removidos no Parque de Campismo de Albufeira"},"content":{"rendered":"<p data-remotead-prev-elm=\"true\" data-remotead-elm-id=\"inread\">Uma \u00e1rvore de grande porte caiu no Parque de Campismo de Albufeira. Apesar de ser um espa\u00e7o privado, com gest\u00e3o particular, ser\u00e3o os Bombeiros de Albufeira a proceder ao corte da \u00e1rvore.<\/p>\n<p>Para a remo\u00e7\u00e3o dos destro\u00e7os, cuja zona se encontra delimitada com fitas, o parque contratou uma empresa privada. V\u00e1rios funcion\u00e1rios j\u00e1 se encontram no local para o in\u00edcio dos trabalhos, apoiados por viaturas pesadas, incluindo uma retroescavadora.<\/p>\n<p>Feridos ligeiros com alta<\/p>\n<p>Os feridos ligeiros registados ontem na sequ\u00eancia da passagem do tornado j\u00e1 tiveram alta hospitalar. Permanecem internados os dois feridos graves, um com uma fratura na perna e o outro com um traumatismo craniano.<\/p>\n<p data-remotead-prev-elm=\"true\" data-remotead-elm-id=\"centro1\">No s\u00e1bado de manh\u00e3 um tornado atingiu o Parque de Campismo de Albufeira e a unidade hoteleira Eden Resort, matando uma mulher brit\u00e2nica de 85 anos e ferindo outras 28 pessoas. A v\u00edtima mortal foi encontrada soterrada, j\u00e1 em paragem cardiorrespirat\u00f3ria.<\/p>\n<p>O fen\u00f3meno provocou seis v\u00edtimas no Parque de Campismo, entre as quais, um morto, dois feridos em estado grave e tr\u00eas feridos ligeiros. Na unidade hoteleira, onde o telhado da zona de restaura\u00e7\u00e3o colapsou, registaram-se 23 feridos ligeiros, quatro dos quais foram transportados para o Hospital de Faro.<\/p>\n<p><img decoding=\"async\" class=\"ngx-body\" guid=\"f484cb04-853a-4fed-8421-c830626b46cd\" src=\"https:\/\/www.europesays.com\/pt\/wp-content\/uploads\/2025\/11\/1763309715_768_image.jpg\" width=\"100%\"\/><img decoding=\"async\" class=\"ngx-body\" guid=\"7f8e7465-2437-4b92-85cc-a22422c05283\" src=\"https:\/\/www.europesays.com\/pt\/wp-content\/uploads\/2025\/11\/1763309716_666_image.jpg\" width=\"100%\"\/><img decoding=\"async\" class=\"ngx-body\" guid=\"6bc3697a-0e0c-4af7-b5d8-62be5de273ed\" src=\"https:\/\/www.europesays.com\/pt\/wp-content\/uploads\/2025\/11\/1763309717_781_image.jpg\" width=\"100%\"\/><img decoding=\"async\" class=\"ngx-body\" guid=\"8f63e958-98c6-460f-ae6e-dc2de34a33a3\" src=\"https:\/\/www.europesays.com\/pt\/wp-content\/uploads\/2025\/11\/1763309717_797_image.jpg\" width=\"100%\"\/><\/p>\n<p>Fotos: Jo\u00e3o Matos \/ EPA<\/p>\n","protected":false},"excerpt":{"rendered":"Uma \u00e1rvore de grande porte caiu no Parque de Campismo de Albufeira. Apesar de ser um espa\u00e7o privado,&hellip;\n","protected":false},"author":2,"featured_media":153919,"comment_status":"","ping_status":"","sticky":false,"template":"","format":"standard","meta":{"footnotes":""},"categories":[10],"tags":[27,28,33015,32282,15,16,14,25,26,21,22,8532,12,13,19,20,32,23,24,33,17,18,28180,29,30,31],"class_list":{"0":"post-153918","1":"post","2":"type-post","3":"status-publish","4":"format-standard","5":"has-post-thumbnail","7":"category-portugal","8":"tag-breaking-news","9":"tag-breakingnews","10":"tag-concelho-albufeira","11":"tag-depressao-claudia","12":"tag-featured-news","13":"tag-featurednews","14":"tag-headlines","15":"tag-latest-news","16":"tag-latestnews","17":"tag-main-news","18":"tag-mainnews","19":"tag-mau-tempo","20":"tag-news","21":"tag-noticias","22":"tag-noticias-principais","23":"tag-noticiasprincipais","24":"tag-portugal","25":"tag-principais-noticias","26":"tag-principaisnoticias","27":"tag-pt","28":"tag-top-stories","29":"tag-topstories","30":"tag-tornado","31":"tag-ultimas","32":"tag-ultimas-noticias","33":"tag-ultimasnoticias"},"share_on_mastodon":{"url":"https:\/\/pubeurope.com\/@pt\/115560272903274081","error":""},"_links":{"self":[{"href":"https:\/\/www.europesays.com\/pt\/wp-json\/wp\/v2\/posts\/153918","targetHints":{"allow":["GET"]}}],"collection":[{"href":"https:\/\/www.europesays.com\/pt\/wp-json\/wp\/v2\/posts"}],"about":[{"href":"https:\/\/www.europesays.com\/pt\/wp-json\/wp\/v2\/types\/post"}],"author":[{"embeddable":true,"href":"https:\/\/www.europesays.com\/pt\/wp-json\/wp\/v2\/users\/2"}],"replies":[{"embeddable":true,"href":"https:\/\/www.europesays.com\/pt\/wp-json\/wp\/v2\/comments?post=153918"}],"version-history":[{"count":0,"href":"https:\/\/www.europesays.com\/pt\/wp-json\/wp\/v2\/posts\/153918\/revisions"}],"wp:featuredmedia":[{"embeddable":true,"href":"https:\/\/www.europesays.com\/pt\/wp-json\/wp\/v2\/media\/153919"}],"wp:attachment":[{"href":"https:\/\/www.europesays.com\/pt\/wp-json\/wp\/v2\/media?parent=153918"}],"wp:term":[{"taxonomy":"category","embeddable":true,"href":"https:\/\/www.europesays.com\/pt\/wp-json\/wp\/v2\/categories?post=153918"},{"taxonomy":"post_tag","embeddable":true,"href":"https:\/\/www.europesays.com\/pt\/wp-json\/wp\/v2\/tags?post=153918"}],"curies":[{"name":"wp","href":"https:\/\/api.w.org\/{rel}","templated":true}]}}