{"id":15392,"date":"2025-08-04T11:13:21","date_gmt":"2025-08-04T11:13:21","guid":{"rendered":"https:\/\/www.europesays.com\/pt\/15392\/"},"modified":"2025-08-04T11:13:21","modified_gmt":"2025-08-04T11:13:21","slug":"marcia-soares-radiante-a-gravida-mais-linda","status":"publish","type":"post","link":"https:\/\/www.europesays.com\/pt\/15392\/","title":{"rendered":"Marcia Soares radiante: &#8220;A gr\u00e1vida mais linda&#8221;"},"content":{"rendered":"<p>Foi no passado m\u00eas de junho que <a href=\"https:\/\/selfie.iol.pt\/famosos\/big-brother\/marcia-soares-radiante-com-gravidez-sejam-felizes\/20250601\/683c0a51d34e3f0bae9edd06\" target=\"_blank\" rel=\"nofollow noopener\">Marcia Soares<\/a> se mostrou radiante com\u00a0a gravidez de uma amiga, Sofia Silva.<\/p>\n<p>&#8220;Sejam felizes&#8221;, desejou a comentadora de reality shows da <a href=\"https:\/\/tvi.iol.pt\/\" target=\"_blank\" rel=\"nofollow noopener\">TVI<\/a>, na legenda de um v\u00eddeo, no qual os futuros pap\u00e1s anunciavam a &#8220;primeira viagem a tr\u00eas&#8221;.<\/p>\n<p>Entretanto, Marcia Soares voltou a recorrer ao Instagram para partilhar uma nova imagem da gesta\u00e7\u00e3o da amiga. &#8220;A gr\u00e1vida mais linda&#8221;, assinalou a nortenha, visivelmente feliz, na legenda do registo, acrescentando emojis em forma de cora\u00e7\u00e3o.<\/p>\n<p>Veja, agora, algumas das melhores imagens de Marcia Soares nas galerias de fotografias que prepar\u00e1mos para si.<\/p>\n<p><img decoding=\"async\" alt=\"\" onclick=\"\" src=\"https:\/\/www.europesays.com\/pt\/wp-content\/uploads\/2025\/08\/1754306001_652_1024.jpeg\" title=\"Marcia Soares\"\/><\/p>\n","protected":false},"excerpt":{"rendered":"Foi no passado m\u00eas de junho que Marcia Soares se mostrou radiante com\u00a0a gravidez de uma amiga, Sofia&hellip;\n","protected":false},"author":2,"featured_media":15393,"comment_status":"","ping_status":"","sticky":false,"template":"","format":"standard","meta":{"footnotes":""},"categories":[85],"tags":[3736,48,114,115,980,1041,1015,2038,619,32,33,1014,1012,162],"class_list":{"0":"post-15392","1":"post","2":"type-post","3":"status-publish","4":"format-standard","5":"has-post-thumbnail","7":"category-entretenimento","8":"tag-amizade","9":"tag-big-brother","10":"tag-entertainment","11":"tag-entretenimento","12":"tag-famosos","13":"tag-gravidez","14":"tag-instagram","15":"tag-marcia-soares","16":"tag-nacional","17":"tag-portugal","18":"tag-pt","19":"tag-reality-show","20":"tag-selfie","21":"tag-tvi"},"share_on_mastodon":{"url":"","error":""},"_links":{"self":[{"href":"https:\/\/www.europesays.com\/pt\/wp-json\/wp\/v2\/posts\/15392","targetHints":{"allow":["GET"]}}],"collection":[{"href":"https:\/\/www.europesays.com\/pt\/wp-json\/wp\/v2\/posts"}],"about":[{"href":"https:\/\/www.europesays.com\/pt\/wp-json\/wp\/v2\/types\/post"}],"author":[{"embeddable":true,"href":"https:\/\/www.europesays.com\/pt\/wp-json\/wp\/v2\/users\/2"}],"replies":[{"embeddable":true,"href":"https:\/\/www.europesays.com\/pt\/wp-json\/wp\/v2\/comments?post=15392"}],"version-history":[{"count":0,"href":"https:\/\/www.europesays.com\/pt\/wp-json\/wp\/v2\/posts\/15392\/revisions"}],"wp:featuredmedia":[{"embeddable":true,"href":"https:\/\/www.europesays.com\/pt\/wp-json\/wp\/v2\/media\/15393"}],"wp:attachment":[{"href":"https:\/\/www.europesays.com\/pt\/wp-json\/wp\/v2\/media?parent=15392"}],"wp:term":[{"taxonomy":"category","embeddable":true,"href":"https:\/\/www.europesays.com\/pt\/wp-json\/wp\/v2\/categories?post=15392"},{"taxonomy":"post_tag","embeddable":true,"href":"https:\/\/www.europesays.com\/pt\/wp-json\/wp\/v2\/tags?post=15392"}],"curies":[{"name":"wp","href":"https:\/\/api.w.org\/{rel}","templated":true}]}}