{"id":153920,"date":"2025-11-16T16:17:10","date_gmt":"2025-11-16T16:17:10","guid":{"rendered":"https:\/\/www.europesays.com\/pt\/153920\/"},"modified":"2025-11-16T16:17:10","modified_gmt":"2025-11-16T16:17:10","slug":"sheron-menezzes-surge-de-biquini-e-corpo-de-boneca-chama-atencao","status":"publish","type":"post","link":"https:\/\/www.europesays.com\/pt\/153920\/","title":{"rendered":"Sheron Menezzes surge de biqu\u00edni e corpo de \u2018boneca\u2019 chama aten\u00e7\u00e3o"},"content":{"rendered":"<p><strong>Sheron Menezzes,<\/strong> atriz, apareceu de biqu\u00edni em uma galeria de fotos compartilhada em seu perfil nas redes sociais. A estrela mostrou o corpo de \u2018boneca\u2019, em uma paisagem deslumbrante. Os elogios foram inevit\u00e1veis.<\/p>\n<p>\u201cLinda demais\u201d, \u201c\u00c9 uma sereia\u201d, \u201cLinda demais\u201d, \u201cMaravilhosa demais\u201d, \u201cPerfeita\u201d, \u201cCharmosa\u201d, \u201cQue naturalidade perfeita\u201d, \u201cDiva, n\u00f3s te amamos\u201d, \u201cVoc\u00ea \u00e9 muito linda\u201d, foram alguns coment\u00e1rios.<\/p>\n<p>Recentemente, a atriz surpreendeu os f\u00e3s ao aparecer em uma participa\u00e7\u00e3o especial em <strong>Dona de Mim<\/strong>, trama de <strong>Rosane Svartman<\/strong>.<strong> Sheron reviveu a protagonista de Vai na F\u00e9, Sol, em um evento da empresa Boaz<\/strong>.<\/p>\n<p>Mas nem tudo s\u00e3o flores. Em agosto, <strong>Sheron Menezzes lamentou a morte do irm\u00e3o, Draiton, de apenas 36 anos<\/strong>. A atriz fez um forte desabafo nas redes sociais e comoveu os f\u00e3s.<\/p>\n<p><img loading=\"lazy\" decoding=\"async\" class=\"wp-image-994930\" src=\"data:image\/svg+xml,%3Csvg%20xmlns=\" http:=\"\" data-lazy- data-lazy- alt=\"\" width=\"960\" height=\"1200\" data-lazy-src=\"https:\/\/www.europesays.com\/pt\/wp-content\/uploads\/2025\/11\/SaveClip.App_581751963_18545144281057969_5843951193731855905_n-960x1200.jpg\"\/>Sheron Menezzes. Foto: Reprodu\u00e7\u00e3o\/ Instagram<br \/>\n<img loading=\"lazy\" decoding=\"async\" class=\"wp-image-994931\" src=\"data:image\/svg+xml,%3Csvg%20xmlns=\" http:=\"\" data-lazy- data-lazy- alt=\"\" width=\"960\" height=\"1200\" data-lazy-src=\"https:\/\/www.europesays.com\/pt\/wp-content\/uploads\/2025\/11\/SaveClip.App_583235099_18545144299057969_1164481802451246245_n-960x1200.jpg\"\/>Sheron Menezzes. Foto: Reprodu\u00e7\u00e3o\/ Instagram<\/p>\n<p>\u00a0<\/p>\n","protected":false},"excerpt":{"rendered":"Sheron Menezzes, atriz, apareceu de biqu\u00edni em uma galeria de fotos compartilhada em seu perfil nas redes sociais.&hellip;\n","protected":false},"author":2,"featured_media":153921,"comment_status":"","ping_status":"","sticky":false,"template":"","format":"standard","meta":{"footnotes":""},"categories":[145],"tags":[33167,33163,33165,211,210,33166,3570,114,115,33162,33164,32,33,33161,28074],"class_list":{"0":"post-153920","1":"post","2":"type-post","3":"status-publish","4":"format-standard","5":"has-post-thumbnail","7":"category-celebridades","8":"tag-aten","9":"tag-biqu","10":"tag-boneca","11":"tag-celebridades","12":"tag-celebrities","13":"tag-chama","14":"tag-corpo","15":"tag-entertainment","16":"tag-entretenimento","17":"tag-menezzes","18":"tag-ni","19":"tag-portugal","20":"tag-pt","21":"tag-sheron","22":"tag-surge"},"share_on_mastodon":{"url":"https:\/\/pubeurope.com\/@pt\/115560280481505869","error":""},"_links":{"self":[{"href":"https:\/\/www.europesays.com\/pt\/wp-json\/wp\/v2\/posts\/153920","targetHints":{"allow":["GET"]}}],"collection":[{"href":"https:\/\/www.europesays.com\/pt\/wp-json\/wp\/v2\/posts"}],"about":[{"href":"https:\/\/www.europesays.com\/pt\/wp-json\/wp\/v2\/types\/post"}],"author":[{"embeddable":true,"href":"https:\/\/www.europesays.com\/pt\/wp-json\/wp\/v2\/users\/2"}],"replies":[{"embeddable":true,"href":"https:\/\/www.europesays.com\/pt\/wp-json\/wp\/v2\/comments?post=153920"}],"version-history":[{"count":0,"href":"https:\/\/www.europesays.com\/pt\/wp-json\/wp\/v2\/posts\/153920\/revisions"}],"wp:featuredmedia":[{"embeddable":true,"href":"https:\/\/www.europesays.com\/pt\/wp-json\/wp\/v2\/media\/153921"}],"wp:attachment":[{"href":"https:\/\/www.europesays.com\/pt\/wp-json\/wp\/v2\/media?parent=153920"}],"wp:term":[{"taxonomy":"category","embeddable":true,"href":"https:\/\/www.europesays.com\/pt\/wp-json\/wp\/v2\/categories?post=153920"},{"taxonomy":"post_tag","embeddable":true,"href":"https:\/\/www.europesays.com\/pt\/wp-json\/wp\/v2\/tags?post=153920"}],"curies":[{"name":"wp","href":"https:\/\/api.w.org\/{rel}","templated":true}]}}