{"id":153922,"date":"2025-11-16T16:20:26","date_gmt":"2025-11-16T16:20:26","guid":{"rendered":"https:\/\/www.europesays.com\/pt\/153922\/"},"modified":"2025-11-16T16:20:26","modified_gmt":"2025-11-16T16:20:26","slug":"big-brother-apos-cinco-anos-ex-concorrente-muito-polemico-esta-irreconhecivel-vestido-de-mulher","status":"publish","type":"post","link":"https:\/\/www.europesays.com\/pt\/153922\/","title":{"rendered":"&#8220;Big Brother&#8221;: ap\u00f3s cinco anos, ex-concorrente muito pol\u00e9mico est\u00e1 irreconhec\u00edvel&#8230; vestido de mulher!"},"content":{"rendered":"<p><a href=\"https:\/\/selfie.iol.pt\/famosos\/helder-kicker\/big-brother-helder-teixeira-celebra-carnaval-vestido-de-mulher-com-policia-a-mistura\/20250304\/67c75e8ed34ef72ee4430877\" target=\"_blank\" rel=\"nofollow noopener\">Helder Teixeira<\/a> surpreendeu os seguidores do Instagram com a partilha de uma fotografia, na qual, de forma surpreendente, se mostra vestido de mulher.<\/p>\n<p>Mostrando-se naquele que parece ser um stand de autom\u00f3veis, o ex-concorrente do &#8220;<a href=\"https:\/\/tvi.iol.pt\/bigbrother\/\" target=\"_blank\" rel=\"nofollow noopener\">Big Brother<\/a> 2020&#8243; surge irreconhec\u00edvel com uma peruca comprida e preta, um vestido negro e com decote e uns saltos altos vermelhos.<\/p>\n<p>Veja, agora, a imagem partilhada por H\u00e9lder Teixeira na galeria de fotografias que prepar\u00e1mos para si.<\/p>\n","protected":false},"excerpt":{"rendered":"Helder Teixeira surpreendeu os seguidores do Instagram com a partilha de uma fotografia, na qual, de forma surpreendente,&hellip;\n","protected":false},"author":2,"featured_media":153923,"comment_status":"","ping_status":"","sticky":false,"template":"","format":"standard","meta":{"footnotes":""},"categories":[142],"tags":[48,114,115,980,33168,1015,619,32,33,1014,1012,151,162],"class_list":{"0":"post-153922","1":"post","2":"type-post","3":"status-publish","4":"format-standard","5":"has-post-thumbnail","7":"category-tv","8":"tag-big-brother","9":"tag-entertainment","10":"tag-entretenimento","11":"tag-famosos","12":"tag-helder-teixeira","13":"tag-instagram","14":"tag-nacional","15":"tag-portugal","16":"tag-pt","17":"tag-reality-show","18":"tag-selfie","19":"tag-tv","20":"tag-tvi"},"share_on_mastodon":{"url":"https:\/\/pubeurope.com\/@pt\/115560292534863419","error":""},"_links":{"self":[{"href":"https:\/\/www.europesays.com\/pt\/wp-json\/wp\/v2\/posts\/153922","targetHints":{"allow":["GET"]}}],"collection":[{"href":"https:\/\/www.europesays.com\/pt\/wp-json\/wp\/v2\/posts"}],"about":[{"href":"https:\/\/www.europesays.com\/pt\/wp-json\/wp\/v2\/types\/post"}],"author":[{"embeddable":true,"href":"https:\/\/www.europesays.com\/pt\/wp-json\/wp\/v2\/users\/2"}],"replies":[{"embeddable":true,"href":"https:\/\/www.europesays.com\/pt\/wp-json\/wp\/v2\/comments?post=153922"}],"version-history":[{"count":0,"href":"https:\/\/www.europesays.com\/pt\/wp-json\/wp\/v2\/posts\/153922\/revisions"}],"wp:featuredmedia":[{"embeddable":true,"href":"https:\/\/www.europesays.com\/pt\/wp-json\/wp\/v2\/media\/153923"}],"wp:attachment":[{"href":"https:\/\/www.europesays.com\/pt\/wp-json\/wp\/v2\/media?parent=153922"}],"wp:term":[{"taxonomy":"category","embeddable":true,"href":"https:\/\/www.europesays.com\/pt\/wp-json\/wp\/v2\/categories?post=153922"},{"taxonomy":"post_tag","embeddable":true,"href":"https:\/\/www.europesays.com\/pt\/wp-json\/wp\/v2\/tags?post=153922"}],"curies":[{"name":"wp","href":"https:\/\/api.w.org\/{rel}","templated":true}]}}