{"id":153924,"date":"2025-11-16T16:21:29","date_gmt":"2025-11-16T16:21:29","guid":{"rendered":"https:\/\/www.europesays.com\/pt\/153924\/"},"modified":"2025-11-16T16:21:29","modified_gmt":"2025-11-16T16:21:29","slug":"alabama-shakes-e-zara-larsson-confirmados-no-alive26","status":"publish","type":"post","link":"https:\/\/www.europesays.com\/pt\/153924\/","title":{"rendered":"Alabama Shakes E Zara Larsson Confirmados No Alive\u201926"},"content":{"rendered":"<p>            <a href=\"https:\/\/i0.wp.com\/chmagazine.pt\/wp-content\/uploads\/2025\/11\/unnamed-2025-11-12T232055.666.jpg?fit=971%2C971&amp;ssl=1\" data-caption=\"\" rel=\"nofollow noopener\" target=\"_blank\"><img loading=\"lazy\" decoding=\"async\" width=\"696\" height=\"696\" class=\"entry-thumb td-modal-image lazyload\" src=\"https:\/\/www.europesays.com\/pt\/wp-content\/uploads\/2025\/11\/unnamed-2025-11-12T232055.666.jpg\"  data- alt=\"\" title=\"unnamed - 2025-11-12T232055.666\" style=\"--smush-placeholder-width: 696px; --smush-placeholder-aspect-ratio: 696\/696;\"\/><\/a><br \/>\n<a href=\"#\"><img decoding=\"async\" src=\"https:\/\/chmagazine.pt\/wp-content\/uploads\/2016\/04\/rec300-1.jpg\" class=\"lazyload\"\/><\/a>            <\/p>\n<p><strong>Os Alabama Shakes e Zara Larsson s\u00e3o as mais recentes confirma\u00e7\u00f5es do NOS Alive 2026. A banda norte-americana e a cantora sueca juntam-se ao cartaz desta edi\u00e7\u00e3o.<\/strong><\/p>\n<p>Os <strong>Alabama Shakes<\/strong> regressam a Portugal para um concerto marcado para 9 de julho, no Palco Heineken. Naturais de Athens, Alabama, Brittany Howard (voz e guitarra), Heath Fogg (guitarra) e Zac Cockrell (baixo) conquistaram o mundo com o \u00e1lbum de estreia <strong>Boys &amp; Girls<\/strong> (2012). O disco valeu ao grupo v\u00e1rias nomea\u00e7\u00f5es para os GRAMMY Awards.<\/p>\n<p>O segundo \u00e1lbum, <strong>Sound &amp; Color<\/strong> (2015), confirmou o estatuto da banda, que venceu quatro GRAMMYs, incluindo Melhor \u00c1lbum de M\u00fasica Alternativa.<\/p>\n<p><a href=\"https:\/\/i0.wp.com\/chmagazine.pt\/wp-content\/uploads\/2025\/11\/unnamed-2025-11-12T232228.249.jpg?ssl=1\" rel=\"nofollow noopener\" target=\"_blank\"><img data-recalc-dims=\"1\" fetchpriority=\"high\" decoding=\"async\" class=\"alignright size-medium wp-image-227164\" src=\"https:\/\/www.europesays.com\/pt\/wp-content\/uploads\/2025\/11\/unnamed-2025-11-12T232228.249.jpg\" alt=\"\" width=\"300\" height=\"300\"  \/><\/a>No dia seguinte, 10 de julho, o Palco Heineken recebe <strong>Zara Larsson<\/strong>. A artista sueca apresenta <strong>Midnight Sun<\/strong>, o seu quarto \u00e1lbum. Criado em colabora\u00e7\u00e3o com o produtor brit\u00e2nico MNEK, Margo XS e Helena Gao, o disco reflete a energia e a luz de um ver\u00e3o n\u00f3rdico.<\/p>\n<p>Com uma carreira marcada por \u00eaxitos como \u201cLush Life\u201d, \u201cNever Forget You\u201d e \u201cAin\u2019t My Fault\u201d, Zara Larsson regressa aos palcos com um espet\u00e1culo visualmente arrojado. Em <strong>Midnight Sun<\/strong>, a artista explora novas sonoridades e uma escrita mais pessoal, onde se cruzam vulnerabilidade, for\u00e7a e confian\u00e7a.<\/p>\n<p>Os bilhetes para o NOS Alive\u201926 j\u00e1 est\u00e3o dispon\u00edveis. Custam 84 euros o bilhete di\u00e1rio, 168 euros o Passe 2 dias (9 &amp; 10 \/ 9 &amp; 11 \/ 10 &amp; 11 julho) e 199 euros o Passe 3 dias (9, 10 &amp; 11 julho).<\/p>\n<p>\u00a0<\/p>\n<p>Like this:<\/p>\n<p>Like Loading&#8230;<\/p>\n<p><a class=\"sd-link-color\"\/><\/p>\n<p>\n\tRelated<\/p>\n","protected":false},"excerpt":{"rendered":"Os Alabama Shakes e Zara Larsson s\u00e3o as mais recentes confirma\u00e7\u00f5es do NOS Alive 2026. A banda norte-americana&hellip;\n","protected":false},"author":2,"featured_media":153925,"comment_status":"","ping_status":"","sticky":false,"template":"","format":"standard","meta":{"footnotes":""},"categories":[141],"tags":[114,115,149,150,32,33],"class_list":{"0":"post-153924","1":"post","2":"type-post","3":"status-publish","4":"format-standard","5":"has-post-thumbnail","7":"category-musica","8":"tag-entertainment","9":"tag-entretenimento","10":"tag-music","11":"tag-musica","12":"tag-portugal","13":"tag-pt"},"share_on_mastodon":{"url":"https:\/\/pubeurope.com\/@pt\/115560296652320093","error":""},"_links":{"self":[{"href":"https:\/\/www.europesays.com\/pt\/wp-json\/wp\/v2\/posts\/153924","targetHints":{"allow":["GET"]}}],"collection":[{"href":"https:\/\/www.europesays.com\/pt\/wp-json\/wp\/v2\/posts"}],"about":[{"href":"https:\/\/www.europesays.com\/pt\/wp-json\/wp\/v2\/types\/post"}],"author":[{"embeddable":true,"href":"https:\/\/www.europesays.com\/pt\/wp-json\/wp\/v2\/users\/2"}],"replies":[{"embeddable":true,"href":"https:\/\/www.europesays.com\/pt\/wp-json\/wp\/v2\/comments?post=153924"}],"version-history":[{"count":0,"href":"https:\/\/www.europesays.com\/pt\/wp-json\/wp\/v2\/posts\/153924\/revisions"}],"wp:featuredmedia":[{"embeddable":true,"href":"https:\/\/www.europesays.com\/pt\/wp-json\/wp\/v2\/media\/153925"}],"wp:attachment":[{"href":"https:\/\/www.europesays.com\/pt\/wp-json\/wp\/v2\/media?parent=153924"}],"wp:term":[{"taxonomy":"category","embeddable":true,"href":"https:\/\/www.europesays.com\/pt\/wp-json\/wp\/v2\/categories?post=153924"},{"taxonomy":"post_tag","embeddable":true,"href":"https:\/\/www.europesays.com\/pt\/wp-json\/wp\/v2\/tags?post=153924"}],"curies":[{"name":"wp","href":"https:\/\/api.w.org\/{rel}","templated":true}]}}