{"id":153926,"date":"2025-11-16T16:22:11","date_gmt":"2025-11-16T16:22:11","guid":{"rendered":"https:\/\/www.europesays.com\/pt\/153926\/"},"modified":"2025-11-16T16:22:11","modified_gmt":"2025-11-16T16:22:11","slug":"documentario-mostra-como-jovens-boleiros-estao-mudando-de-vida-com-o-tenis-na-bahia-acorda-cidade","status":"publish","type":"post","link":"https:\/\/www.europesays.com\/pt\/153926\/","title":{"rendered":"Document\u00e1rio mostra como jovens boleiros est\u00e3o mudando de vida com o t\u00eanis na Bahia &#8211; Acorda Cidade"},"content":{"rendered":"<p>A volta do t\u00eanis de n\u00edvel mundial \u00e0 Costa do Sau\u00edpe aconteceuentre 19 e 26 de outubro de 2025\u00a0com a categoria\u00a0<a>ATP Challenger 125<\/a>,\u00a0trazendo n\u00e3o s\u00f3 grandes nomes do esporte profissional masculino para o cen\u00e1rio paradis\u00edaco do complexo de resorts na Bahia, mas tamb\u00e9m uma sensa\u00e7\u00e3o de nostalgia, j\u00e1 que por muitos anos Sau\u00edpe foi palco de importantes hist\u00f3rias e recebeu grandes atletas, como Guga e Rafael Nadal.<\/p>\n<p>Para honrar essa hist\u00f3ria e construir um novo legado, o novo\u00a0minidoc\u00a0\u201cO Saque do Futuro\u201d, com dire\u00e7\u00e3o de Renata Sauda, conta a hist\u00f3ria de dois adolescentes, Deivid Levi de Jesus, de 14 anos, e Jaziel Santos, 15 anos, que encontraram seus prop\u00f3sitos no esporte por meio do projeto social Borges Tennis, apoiado pela Aviva, empresa detentora da Costa do Sau\u00edpe.<\/p>\n<p>A partir de agora, os jovens receber\u00e3o patroc\u00ednio da Aviva, com todo o suporte necess\u00e1rio para se tornarem atletas profissionais. Al\u00e9m da cobertura das despesas e aux\u00edlio financeiro, a empresa tamb\u00e9m conceder\u00e1 o acesso \u00e0s quadras da Costa do Sau\u00edpe para treinarem junto com seu instrutor, Leandro Borges, idealizador e respons\u00e1vel pelo projeto social no qual fazem parte.<\/p>\n<p><strong>Passado e futuro<\/strong><\/p>\n<p>Criado em 2024 por Leandro Borges, que atua como\u00a0<strong>coordenador Operacional Noturno na Costa do Sau\u00edpe,\u00a0<\/strong>atualmente o projeto Borges Tennis conta com a participa\u00e7\u00e3o de mais de 40 adolescentes de Mata de S\u00e3o Jo\u00e3o. Duas vezes por semana,\u00a0<strong>Leandro se disp\u00f5e voluntariamente\u00a0<\/strong>a ensinar t\u00eanis em uma quadra p\u00fablica pr\u00f3xima \u00e0 escola da comunidade local, na Vila Sau\u00edpe.<\/p>\n<p>Mas a hist\u00f3ria de Leandro com o esporte \u00e9 antiga.\u00a0<a>No per\u00edodo em que grandes torneios atra\u00edram alguns dos maiores nomes do circuito profissional<\/a>\u00a0para a Costa do Sau\u00edpe, por 10 anos ele foi boleiro-l\u00edder em quadra, na \u00e9poca selecionado por meio de um projeto social que tinha o objetivo de formar professores de t\u00eanis. Dos quatro selecionados, ele foi o \u00fanico que concluiu a forma\u00e7\u00e3o.<\/p>\n<p>Agora, \u00e0 frente de seu pr\u00f3prio projeto social, Leandro foi o respons\u00e1vel por coordenar a atua\u00e7\u00e3o de 33 de seus alunos como boleiros no segundo maior torneio de t\u00eanis masculino do pa\u00eds, o Costa do Sau\u00edpe Open.<\/p>\n<p><strong>O esporte como oportunidade<\/strong><\/p>\n<p>Esta a\u00e7\u00e3o socioeducativa, que teve como objetivo aproximar os jovens moradores de Mata de S\u00e3o Jo\u00e3o do esporte e contribuir para suas forma\u00e7\u00f5es cidad\u00e3s, est\u00e1 alinhada com o compromisso social da Aviva, respons\u00e1vel pela realiza\u00e7\u00e3o do evento em parceria com a Try Sports.<\/p>\n<p>Com essa experi\u00eancia, eles puderam ver em pr\u00e1tica tudo o que aprendem durante as aulas te\u00f3ricas e treinos. Assim como ele viu em quadra Gustavo Kuerten, Rafael Nadal e Juan Carlos Ferrero, entre outros grandes nomes do t\u00eanis, esse foi o primeiro contato dos alunos de Leandro com jogadores da elite na modalidade. \u201cA participa\u00e7\u00e3o no projeto \u00e9 uma inspira\u00e7\u00e3o para meus alunos, que t\u00eam a mesma faixa et\u00e1ria de atletas como Guto Miguel. Hoje, eles s\u00e3o boleiros, mas um dia tamb\u00e9m podem ser tenistas profissionais.\u00a0Quando o esporte vira ferramenta de transforma\u00e7\u00e3o, o sucesso n\u00e3o fica restrito \u00e0s quadras, pois estamos construindo um futuro para\u00a0muita gente\u201d, comenta Leandro Borges.<\/p>\n<p>A atividade foi autorizada pelo Juizado da Inf\u00e2ncia e Juventude, realizada de forma regular e seguindo todas as exig\u00eancias acordadas, com consentimento dos respons\u00e1veis legais e supervis\u00e3o constante de adultos.<\/p>\n<p><strong>Engajamento com a\u00e7\u00f5es sustent\u00e1veis<\/strong><\/p>\n<p>O Costa do Sau\u00edpe Open tamb\u00e9m j\u00e1 estreou com um compromisso s\u00f3lido com Sustentabilidade, alinhado \u00e0 Agenda ESG da Aviva. Nesse contexto, algumas a\u00e7\u00f5es de longo prazo foram\u00a0iniciadas na Costa do Sau\u00edpe, como a doa\u00e7\u00e3o de quinhentas mudas de esp\u00e9cies nativas da Mata Atl\u00e2ntica, suprindo o plano de descarboniza\u00e7\u00e3o da prefeitura de Mata de S\u00e3o Jo\u00e3o.<\/p>\n<p>Foram realizadas a\u00e7\u00f5es como o projeto Long Live The Passion, que reutilizou tampinhas de garrafas de \u00e1gua e cordas das raquetes para a cria\u00e7\u00e3o de pulseiras e brindes, gerando receita para apoiar institui\u00e7\u00f5es da regi\u00e3o. Houve tamb\u00e9m a destina\u00e7\u00e3o de res\u00edduos org\u00e2nicos e materiais recicl\u00e1veis para cooperativas locais, fortalecendo a comunidade do entorno.<\/p>\n<p>Al\u00e9m disso, uma\u00a0parceria com a INNI, marca esportiva oficial do evento, trouxe o projeto Tenista Consciente, com um ponto de coleta para descarte inteligente de bolas, lacres e tubos utilizados nos jogos. Todas as bolas que ainda estavam em boas condi\u00e7\u00f5es de uso foram doadas para o projeto Borges Tennis.<a\/><\/p>\n<p>E, al\u00e9m das iniciativas promovidas durante o torneio, a Costa do Sau\u00edpe mant\u00e9m a\u00e7\u00f5es com foco em sustentabilidade e impacto social positivo durante o ano todo, que podem ser encontradas no Relat\u00f3rio de Sustentabilidade da Aviva: <a href=\"https:\/\/www.avivavacationclub.com.br\/sustentabilidade\" target=\"_blank\" rel=\"noreferrer noopener nofollow\">www.avivavacationclub.com.br\/sustentabilidade<\/a>.<\/p>\n<p>Assista j\u00e1:<\/p>\n<p>Ficha t\u00e9cnica do\u00a0minidoc:<\/p>\n<p><strong>O Saque do Futuro<\/strong>Dire\u00e7\u00e3o:\u00a0<strong>Renata Sauda<\/strong><br \/>Dire\u00e7\u00e3o de fotografia:\u00a0<strong>Paulo Matheus<\/strong><br \/>Imagens:\u00a0<strong>Deivisson Carvalho<\/strong>\u00a0e\u00a0<strong>Icaro Luan William Soares<\/strong><br \/>Operador de drone:\u00a0<strong>Junior Gois<\/strong><br \/>Montagem:\u00a0<strong>Renata Sauda<\/strong><\/p>\n<p>Edi\u00e7\u00e3o \/ Finaliza\u00e7\u00e3o:\u00a0<strong>Paulo<\/strong>\u00a0<strong>M<\/strong><\/p>\n<p>Siga o Acorda Cidade no<a href=\"https:\/\/news.google.com\/search?q=acorda%20cidade&amp;hl=pt-BR&amp;gl=BR&amp;ceid=BR%3Apt-419\" rel=\"nofollow noopener\" target=\"_blank\"><strong>\u00a0Google Not\u00edcias<\/strong><\/a>\u00a0e receba os principais destaques do dia. Participe tamb\u00e9m dos nossos canais no\u00a0<a href=\"https:\/\/www.whatsapp.com\/channel\/0029Va6Rb4v3WHTNnsh8WI3N\" rel=\"nofollow noopener\" target=\"_blank\"><strong>WhatsApp<\/strong><\/a>\u00a0e\u00a0<a href=\"https:\/\/www.youtube.com\/@acordacidadenoticias\/videos\" rel=\"nofollow noopener\" target=\"_blank\"><strong>Youtube<\/strong><\/a>\u00a0e grupo de\u00a0<a href=\"https:\/\/t.me\/+sSz0khrgARA0ZmRh\" rel=\"nofollow\"><strong>Telegram<\/strong><\/a>.<\/p>\n","protected":false},"excerpt":{"rendered":"A volta do t\u00eanis de n\u00edvel mundial \u00e0 Costa do Sau\u00edpe aconteceuentre 19 e 26 de outubro de&hellip;\n","protected":false},"author":2,"featured_media":153927,"comment_status":"","ping_status":"","sticky":false,"template":"","format":"standard","meta":{"footnotes":""},"categories":[140],"tags":[114,115,2089,147,148,146,32,33],"class_list":{"0":"post-153926","1":"post","2":"type-post","3":"status-publish","4":"format-standard","5":"has-post-thumbnail","7":"category-filmes","8":"tag-entertainment","9":"tag-entretenimento","10":"tag-esporte","11":"tag-film","12":"tag-filmes","13":"tag-movies","14":"tag-portugal","15":"tag-pt"},"share_on_mastodon":{"url":"https:\/\/pubeurope.com\/@pt\/115560302679389026","error":""},"_links":{"self":[{"href":"https:\/\/www.europesays.com\/pt\/wp-json\/wp\/v2\/posts\/153926","targetHints":{"allow":["GET"]}}],"collection":[{"href":"https:\/\/www.europesays.com\/pt\/wp-json\/wp\/v2\/posts"}],"about":[{"href":"https:\/\/www.europesays.com\/pt\/wp-json\/wp\/v2\/types\/post"}],"author":[{"embeddable":true,"href":"https:\/\/www.europesays.com\/pt\/wp-json\/wp\/v2\/users\/2"}],"replies":[{"embeddable":true,"href":"https:\/\/www.europesays.com\/pt\/wp-json\/wp\/v2\/comments?post=153926"}],"version-history":[{"count":0,"href":"https:\/\/www.europesays.com\/pt\/wp-json\/wp\/v2\/posts\/153926\/revisions"}],"wp:featuredmedia":[{"embeddable":true,"href":"https:\/\/www.europesays.com\/pt\/wp-json\/wp\/v2\/media\/153927"}],"wp:attachment":[{"href":"https:\/\/www.europesays.com\/pt\/wp-json\/wp\/v2\/media?parent=153926"}],"wp:term":[{"taxonomy":"category","embeddable":true,"href":"https:\/\/www.europesays.com\/pt\/wp-json\/wp\/v2\/categories?post=153926"},{"taxonomy":"post_tag","embeddable":true,"href":"https:\/\/www.europesays.com\/pt\/wp-json\/wp\/v2\/tags?post=153926"}],"curies":[{"name":"wp","href":"https:\/\/api.w.org\/{rel}","templated":true}]}}