{"id":153930,"date":"2025-11-16T16:24:08","date_gmt":"2025-11-16T16:24:08","guid":{"rendered":"https:\/\/www.europesays.com\/pt\/153930\/"},"modified":"2025-11-16T16:24:08","modified_gmt":"2025-11-16T16:24:08","slug":"cabo-verde-atinge-os-primeiros-marcos-da-estrategia-para-o-fim-da-tuberculose-entre-2020-e-2024-oms-2","status":"publish","type":"post","link":"https:\/\/www.europesays.com\/pt\/153930\/","title":{"rendered":"Cabo Verde atinge os primeiros marcos da estrat\u00e9gia para o fim da tuberculose entre 2020 e 2024 &#8211; OMS"},"content":{"rendered":"<p>Cabo Verde figura-se entre os pa\u00edses do mundo que atingiram os primeiros marcos da Estrat\u00e9gia para o Fim da TB (Tuberculose), nomeadamente nas redu\u00e7\u00f5es na incid\u00eancia e mortalidade da TB entre 2020 e 2024, por regi\u00e3o da OMS, informou o Governo.<\/p>\n<p>De acordo com o Relat\u00f3rio Global da Tuberculose 2025 (<a href=\"https:\/\/www.who.int\/publications\/i\/item\/9789240116924\" rel=\"nofollow noopener\" target=\"_blank\"><strong>https:\/\/www.who.int\/publications\/i\/item\/9789240116924<\/strong><\/a>), publicado esta semana \u00a0pela Organiza\u00e7\u00e3o Mundial da Sa\u00fade (OMS), os primeiros marcos foram uma redu\u00e7\u00e3o de 20% na taxa de incid\u00eancia de TB e uma redu\u00e7\u00e3o de 35% no n\u00famero de mortes por TB, em compara\u00e7\u00e3o com os n\u00edveis de 2015; os marcos foram inicialmente definidos para 2020.<\/p>\n<p>Em comunicado, Governo Cabo Verde alcan\u00e7ou este resultado em 2020 num grupo de 27 pa\u00edses da Regi\u00e3o Africana da OMS. Segundo o Plano Estrat\u00e9gico Nacional de Luta Contra a Tuberculose 2022 \u2013 2026, a luta contra a Tuberculose \u00e9 assumida pelo Governo de Cabo Verde atrav\u00e9s do or\u00e7amento geral do estado (sal\u00e1rios, infra-estruturas, reagentes e medicamentos).<\/p>\n<p>O programa conta com o apoio financeiro e t\u00e9cnico de parceiros multi e bilaterais nomeadamente a OMS e o Fundo Global.<\/p>\n<p>\u201cA rede de servi\u00e7os de presta\u00e7\u00e3o de cuidados de sa\u00fade suficientemente desconcentrada oferecendo bom acesso geogr\u00e1fico e com recursos essenciais para o seu funcionamento, incluindo tratamento supervisionado e gratuito constitui um activo importante da resposta nacional na luta contra a tuberculose\u201d, l\u00ea-se na nota.<\/p>\n<p>Segundo o Relat\u00f3rio da Tuberculose 2025, a tuberculose continua sendo um grande problema de sa\u00fade p\u00fablica global e o progresso na redu\u00e7\u00e3o da carga da doen\u00e7a est\u00e1 muito aqu\u00e9m das metas de 2030 na maior parte do mundo.<\/p>\n<p>No entanto, ap\u00f3s os contratempos durante a pandemia de COVID-19, a maioria dos indicadores est\u00e1 se movendo na dire\u00e7\u00e3o certa e h\u00e1 hist\u00f3rias de sucesso regionais e nacionais. Mudan\u00e7as no cen\u00e1rio de financiamento amea\u00e7am esse progresso.<\/p>\n<p>O relat\u00f3rio indica um progresso muito maior na redu\u00e7\u00e3o da carga da tuberculose foi alcan\u00e7ado em algumas regi\u00f5es e pa\u00edses. Entre 2015 e 2024, a Regi\u00e3o Africana da OMS alcan\u00e7ou uma redu\u00e7\u00e3o de 28% na taxa de incid\u00eancia de TB e uma redu\u00e7\u00e3o de 46% no n\u00famero de mortes por TB.<\/p>\n<p>O Relat\u00f3rio Global da OMS sobre Tuberculose 2025 oferece uma avalia\u00e7\u00e3o abrangente e actualizada da epidemia de tuberculose e dos progressos na preven\u00e7\u00e3o, diagn\u00f3stico e tratamento da doen\u00e7a, em n\u00edveis global, regional e nacional.<\/p>\n<p>A edi\u00e7\u00e3o de 2025 do relat\u00f3rio baseia-se, como de costume, principalmente em dados coletados pela OMS junto aos minist\u00e9rios da sa\u00fade nacionais em rodadas anuais de colecta de dados. Em 2025, 184 pa\u00edses e \u00e1reas, que representam mais de 99% da popula\u00e7\u00e3o mundial e dos casos de tuberculose, reportaram dados.<\/p>\n","protected":false},"excerpt":{"rendered":"Cabo Verde figura-se entre os pa\u00edses do mundo que atingiram os primeiros marcos da Estrat\u00e9gia para o Fim&hellip;\n","protected":false},"author":2,"featured_media":153782,"comment_status":"","ping_status":"","sticky":false,"template":"","format":"standard","meta":{"footnotes":""},"categories":[86],"tags":[116,32,33,117,11256],"class_list":{"0":"post-153930","1":"post","2":"type-post","3":"status-publish","4":"format-standard","5":"has-post-thumbnail","7":"category-saude","8":"tag-health","9":"tag-portugal","10":"tag-pt","11":"tag-saude","12":"tag-tuberculose"},"share_on_mastodon":{"url":"","error":""},"_links":{"self":[{"href":"https:\/\/www.europesays.com\/pt\/wp-json\/wp\/v2\/posts\/153930","targetHints":{"allow":["GET"]}}],"collection":[{"href":"https:\/\/www.europesays.com\/pt\/wp-json\/wp\/v2\/posts"}],"about":[{"href":"https:\/\/www.europesays.com\/pt\/wp-json\/wp\/v2\/types\/post"}],"author":[{"embeddable":true,"href":"https:\/\/www.europesays.com\/pt\/wp-json\/wp\/v2\/users\/2"}],"replies":[{"embeddable":true,"href":"https:\/\/www.europesays.com\/pt\/wp-json\/wp\/v2\/comments?post=153930"}],"version-history":[{"count":0,"href":"https:\/\/www.europesays.com\/pt\/wp-json\/wp\/v2\/posts\/153930\/revisions"}],"wp:featuredmedia":[{"embeddable":true,"href":"https:\/\/www.europesays.com\/pt\/wp-json\/wp\/v2\/media\/153782"}],"wp:attachment":[{"href":"https:\/\/www.europesays.com\/pt\/wp-json\/wp\/v2\/media?parent=153930"}],"wp:term":[{"taxonomy":"category","embeddable":true,"href":"https:\/\/www.europesays.com\/pt\/wp-json\/wp\/v2\/categories?post=153930"},{"taxonomy":"post_tag","embeddable":true,"href":"https:\/\/www.europesays.com\/pt\/wp-json\/wp\/v2\/tags?post=153930"}],"curies":[{"name":"wp","href":"https:\/\/api.w.org\/{rel}","templated":true}]}}