{"id":153931,"date":"2025-11-16T16:26:16","date_gmt":"2025-11-16T16:26:16","guid":{"rendered":"https:\/\/www.europesays.com\/pt\/153931\/"},"modified":"2025-11-16T16:26:16","modified_gmt":"2025-11-16T16:26:16","slug":"quais-serao-os-proximos-cometas-visiveis-da-terra","status":"publish","type":"post","link":"https:\/\/www.europesays.com\/pt\/153931\/","title":{"rendered":"Quais ser\u00e3o os pr\u00f3ximos cometas vis\u00edveis da Terra?"},"content":{"rendered":"<p> <img decoding=\"async\" fetchpriority=\"high\" src=\"https:\/\/www.europesays.com\/pt\/wp-content\/uploads\/2025\/11\/quelles-seront-les-prochaines-cometes-visibles-depuis-la-terre-1763045214804_1024.jpeg\"  width=\"768\" height=\"432\" alt=\"Cometa\" title=\"Cometa\" data-image=\"t6a90o8bye1r\"\/>Cinco cometas ser\u00e3o vis\u00edveis no c\u00e9u noturno do hemisf\u00e9rio norte na primavera de 2026!   <img decoding=\"async\" fetchpriority=\"high\" src=\"https:\/\/www.europesays.com\/pt\/wp-content\/uploads\/2025\/11\/tristan-bergen.jpg\" alt=\"Tristan Bergen\" width=\"40\" height=\"40\"\/>    <a class=\"nombre text-hv\" href=\"https:\/\/www.tempo.com\/autor\/tristan-bergen\/\" title=\"Tristan Bergen\" rel=\"nofollow noopener\" target=\"_blank\">Tristan Bergen<\/a> Meteored Fran\u00e7a        16\/11\/2025 11:34   5 min   <\/p>\n<p>Dado que o famoso cometa Lemmon, claramente vis\u00edvel com bin\u00f3culos e, por vezes, mesmo a olho nu, vai despedir-se em breve de n\u00f3s e n\u00e3o regressar\u00e1 durante mais de 1000 anos, quais ser\u00e3o <strong>os pr\u00f3ximos cometas vis\u00edveis da Terra<\/strong> nos pr\u00f3ximos meses?<\/p>\n<p>210P\/Christensen <\/p>\n<p>O cometa 210P\/Christensen \u00e9 um cometa peri\u00f3dico descoberto pelo astr\u00f3nomo americano Eric Christensen em <strong>26 de maio de 2003<\/strong>, utilizando dados do Catalina Sky Survey, um observat\u00f3rio situado no Arizona, EUA. Tem um per\u00edodo orbital de 5,7 anos, o que significa que \u00e9 <strong>regularmente vis\u00edvel da Terra<\/strong>.<\/p>\n<p>Este cometa atingir\u00e1 o seu peri\u00e9lio a 22 de novembro de 2025, com <strong>uma magnitude de 9,9<\/strong>, tornando-o imposs\u00edvel de observar a olho nu. No entanto, pode ser poss\u00edvel v\u00ea-lo com <strong>bin\u00f3culos ou um pequeno telesc\u00f3pio<\/strong>, desde que olhe para o horizonte leste antes do amanhecer, quando o c\u00e9u ainda est\u00e1 bastante escuro. <\/p>\n<p>3I\/ATLAS<\/p>\n<p>O cometa 3I\/ATLAS foi descoberto h\u00e1 alguns meses, a 1 de julho, pelo programa ATLAS em Rio Hurtado, no Chile. Nos \u00faltimos meses, tem sido objeto de grande debate, tendo surgido v\u00e1rias teorias sobre a sua origem. De facto, o 3I\/ATLAS \u00e9 apenas <strong>o terceiro objeto interestelar<\/strong> (n\u00e3o pertencente ao sistema solar)<strong> detetado at\u00e9 \u00e0 data<\/strong>. <\/p>\n<blockquote class=\"twitter-tweet\">\n<p lang=\"en\" dir=\"ltr\">Weird new 3I\/ATLAS picture from the Nordic Optical Telescope on UT 2025 November 11 by astronomers David Jewitt and Jane luu. The big jet is pointing towards the Sun. <a href=\"https:\/\/t.co\/odcHEtCU8w\" rel=\"nofollow\">pic.twitter.com\/odcHEtCU8w<\/a><\/p>\n<p>\u2014 Dobsonian Power (@DobsonianPower) <a href=\"https:\/\/twitter.com\/DobsonianPower\/status\/1988710471730639039?ref_src=twsrc%5Etfw\" rel=\"nofollow noopener\" target=\"_blank\">November 12, 2025<\/a><\/p><\/blockquote>\n<p>Depois de passar por tr\u00e1s do Sol, este asteroide reapareceu recentemente com uma cauda a apontar para a nossa estrela, algo nunca antes observado. Os astr\u00f3nomos preveem que ser\u00e1 novamente vis\u00edvel com <strong>uma magnitude de 11-12 no final de novembro<\/strong>. Por outras palavras, precisar\u00e1 pelo menos de um pequeno telesc\u00f3pio (80 a 150 mm) <strong>para o observar<\/strong>. 3I\/ATLAS desaparecer\u00e1 gradualmente no final de dezembro. <\/p>\n<p>C\/2024 E1 (Wierzchos)<\/p>\n<p>Este cometa foi descoberto pelo astr\u00f3nomo polaco Kacper Wierzchos em 3 de mar\u00e7o de 2024, usando imagens do Observat\u00f3rio de Mount Lemmon. Espera-se que seja vis\u00edvel com um pequeno telesc\u00f3pio ou bin\u00f3culos algures em dezembro, atingindo <strong>uma magnitude m\u00e1xima de cerca de 9 no in\u00edcio de janeiro de 2026<\/strong>. Ap\u00f3s o seu peri\u00e9lio, a 20 de janeiro, o hemisf\u00e9rio sul ter\u00e1 a oportunidade de o observar.<\/p>\n<p>24P\/composto de espuma<\/p>\n<p>Este cometa peri\u00f3dico \u00e9 uma descoberta francesa de longa data. De facto, foi observado pela primeira vez <strong>em 1 de dezembro de 1911 no Observat\u00f3rio de Nice<\/strong> pelo astr\u00f3nomo franc\u00eas Alexandre Schaumasse. Tem um per\u00edodo orbital de 8,18 anos, o que tamb\u00e9m o torna regularmente vis\u00edvel da Terra.<\/p>\n<p><a class=\"non-editable\" href=\"https:\/\/www.tempo.com\/noticias\/astronomia\/8-misterios-inexplicaveis-do-cometa-3l-atlas-a-imagem-intrigante-captada-no-teide-e-apenas-mais-uma-das-curiosidades.html\" title=\"8 mist\u00e9rios inexplic\u00e1veis do cometa 3l\/ATLAS: a imagem intrigante captada no Teide \u00e9 apenas mais uma das curiosidades\" rel=\"nofollow noopener\" target=\"_blank\">8 mist\u00e9rios inexplic\u00e1veis do cometa 3l\/ATLAS: a imagem intrigante captada no Teide \u00e9 apenas mais uma das curiosidades<\/a><a class=\"imagen \" href=\"https:\/\/www.tempo.com\/noticias\/astronomia\/8-misterios-inexplicaveis-do-cometa-3l-atlas-a-imagem-intrigante-captada-no-teide-e-apenas-mais-uma-das-curiosidades.html\" title=\"8 mist\u00e9rios inexplic\u00e1veis do cometa 3l\/ATLAS: a imagem intrigante captada no Teide \u00e9 apenas mais uma das curiosidades\" rel=\"nofollow noopener\" target=\"_blank\"><img loading=\"lazy\" decoding=\"async\" fetchpriority=\"low\" class=\"lazy img-body non-editable\" src=\"https:\/\/www.europesays.com\/pt\/wp-content\/uploads\/2025\/11\/la-desconcertante-imagen-del-cometa-3i-atlas-visto-desde-el-teide-esconde-8-misterios-aun-sin-explic.jpeg\"  width=\"320\" height=\"225\" alt=\"8 mist\u00e9rios inexplic\u00e1veis do cometa 3l\/ATLAS: a imagem intrigante captada no Teide \u00e9 apenas mais uma das curiosidades\"\/><\/a><\/p>\n<p>A nuvem Schaumasse atingir\u00e1 a <strong>sua magnitude m\u00e1xima (cerca de 10\/10,5) em janeiro 2026<\/strong> e dever\u00e1 ent\u00e3o ser vis\u00edvel com bin\u00f3culos. No entanto, ser\u00e1 mais f\u00e1cil de observar com um pequeno telesc\u00f3pio.<\/p>\n<p>C\/2025 R3 PanSTARRS<\/p>\n<p>Como o seu nome sugere, a R3 PanSTARRS foi descoberta em 8 de setembro de 2025 pelo telesc\u00f3pio Pan-STARRS Panoramic Survey and Rapid Response System no Hawaii. De acordo com as observa\u00e7\u00f5es, poder\u00e1 ter um per\u00edodo orbital particularmente longo e seguir uma trajet\u00f3ria hiperb\u00f3lica, fazendo <strong>uma \u00fanica passagem perto do Sol antes de regressar ao espa\u00e7o interestelar ao longo de mil\u00e9nios<\/strong>.<\/p>\n<p><a class=\"non-editable\" href=\"https:\/\/www.tempo.com\/noticias\/astronomia\/rochas-gelo-e-estrelas-cadentes-desvendamos-a-diferenca-entre-asteroides-cometas-e-meteoros.html\" title=\"Rochas, gelo e estrelas cadentes: desvendamos a diferen\u00e7a entre asteroides, cometas e meteoros\" rel=\"nofollow noopener\" target=\"_blank\">Rochas, gelo e estrelas cadentes: desvendamos a diferen\u00e7a entre asteroides, cometas e meteoros<\/a><a class=\"imagen \" href=\"https:\/\/www.tempo.com\/noticias\/astronomia\/rochas-gelo-e-estrelas-cadentes-desvendamos-a-diferenca-entre-asteroides-cometas-e-meteoros.html\" title=\"Rochas, gelo e estrelas cadentes: desvendamos a diferen\u00e7a entre asteroides, cometas e meteoros\" rel=\"nofollow noopener\" target=\"_blank\"><img loading=\"lazy\" decoding=\"async\" fetchpriority=\"low\" class=\"lazy img-body non-editable\" src=\"https:\/\/www.europesays.com\/pt\/wp-content\/uploads\/2025\/11\/piedras-hielo-y-estrellas-fugaces-desvelamos-la-diferencia-entre-asteroides-cometas-y-meteoros-17600.jpeg\"  width=\"320\" height=\"225\" alt=\"Rochas, gelo e estrelas cadentes: desvendamos a diferen\u00e7a entre asteroides, cometas e meteoros\"\/><\/a><\/p>\n<p>Durante a segunda quinzena de abril de 2026, este cometa ser\u00e1 vis\u00edvel do hemisf\u00e9rio norte <strong>com uma magnitude de 8<\/strong>, o que permitir\u00e1 a sua observa\u00e7\u00e3o com bin\u00f3culos.<\/p>\n<p>No entanto, alguns cen\u00e1rios sugerem que poder\u00e1 sofrer um aumento significativo de brilho e atingir <strong>uma magnitude de 3<\/strong> no final de abril, o que o tornaria <strong>vis\u00edvel a olho nu<\/strong>. Teremos de esperar mais alguns meses para ver se este cen\u00e1rio se concretiza. <\/p>\n<p>Refer\u00eancia da not\u00edcia<\/p>\n<p><a href=\"https:\/\/starwalk.space\/fr\/news\/upcoming-comets\" target=\"_blank\" rel=\"nofollow noopener\">Pr\u00f3ximos cometas visibles en 2025-2026<\/a>, Paseo Estelar, 10\/11\/2025<\/p>\n<p> <script async src=\"https:\/\/platform.twitter.com\/widgets.js\" charset=\"utf-8\"><\/script><\/p>\n","protected":false},"excerpt":{"rendered":"Cinco cometas ser\u00e3o vis\u00edveis no c\u00e9u noturno do hemisf\u00e9rio norte na primavera de 2026! Tristan Bergen Meteored Fran\u00e7a&hellip;\n","protected":false},"author":2,"featured_media":153932,"comment_status":"","ping_status":"","sticky":false,"template":"","format":"standard","meta":{"footnotes":""},"categories":[84],"tags":[109,107,108,10495,33169,29527,32,33,105,103,104,106,110],"class_list":{"0":"post-153931","1":"post","2":"type-post","3":"status-publish","4":"format-standard","5":"has-post-thumbnail","7":"category-ciencia-e-tecnologia","8":"tag-ciencia","9":"tag-ciencia-e-tecnologia","10":"tag-cienciaetecnologia","11":"tag-cometa","12":"tag-cometa-3i-atlas","13":"tag-cometas","14":"tag-portugal","15":"tag-pt","16":"tag-science","17":"tag-science-and-technology","18":"tag-scienceandtechnology","19":"tag-technology","20":"tag-tecnologia"},"share_on_mastodon":{"url":"https:\/\/pubeurope.com\/@pt\/115560316086090423","error":""},"_links":{"self":[{"href":"https:\/\/www.europesays.com\/pt\/wp-json\/wp\/v2\/posts\/153931","targetHints":{"allow":["GET"]}}],"collection":[{"href":"https:\/\/www.europesays.com\/pt\/wp-json\/wp\/v2\/posts"}],"about":[{"href":"https:\/\/www.europesays.com\/pt\/wp-json\/wp\/v2\/types\/post"}],"author":[{"embeddable":true,"href":"https:\/\/www.europesays.com\/pt\/wp-json\/wp\/v2\/users\/2"}],"replies":[{"embeddable":true,"href":"https:\/\/www.europesays.com\/pt\/wp-json\/wp\/v2\/comments?post=153931"}],"version-history":[{"count":0,"href":"https:\/\/www.europesays.com\/pt\/wp-json\/wp\/v2\/posts\/153931\/revisions"}],"wp:featuredmedia":[{"embeddable":true,"href":"https:\/\/www.europesays.com\/pt\/wp-json\/wp\/v2\/media\/153932"}],"wp:attachment":[{"href":"https:\/\/www.europesays.com\/pt\/wp-json\/wp\/v2\/media?parent=153931"}],"wp:term":[{"taxonomy":"category","embeddable":true,"href":"https:\/\/www.europesays.com\/pt\/wp-json\/wp\/v2\/categories?post=153931"},{"taxonomy":"post_tag","embeddable":true,"href":"https:\/\/www.europesays.com\/pt\/wp-json\/wp\/v2\/tags?post=153931"}],"curies":[{"name":"wp","href":"https:\/\/api.w.org\/{rel}","templated":true}]}}