{"id":153937,"date":"2025-11-16T16:34:09","date_gmt":"2025-11-16T16:34:09","guid":{"rendered":"https:\/\/www.europesays.com\/pt\/153937\/"},"modified":"2025-11-16T16:34:09","modified_gmt":"2025-11-16T16:34:09","slug":"arminda-tenta-matar-zenilda-apos-aparicao-de-rogerio-entenda","status":"publish","type":"post","link":"https:\/\/www.europesays.com\/pt\/153937\/","title":{"rendered":"Arminda tenta matar Zenilda ap\u00f3s apari\u00e7\u00e3o de Rog\u00e9rio. Entenda"},"content":{"rendered":"\n<p class=\" content-text__container \" data-track-category=\"Link no Texto\" data-track-links=\"\"> O sinal abrir\u00e1, e Zenilda ficar\u00e1 em p\u00e2nico ao ver uma pessoa dentro de um carro: <\/p>\n<p class=\" content-text__container \" data-track-category=\"Link no Texto\" data-track-links=\"\"> \u2014 Meu Deus\u2026 Rog\u00e9rio!!! <\/p>\n<p class=\" content-text__container \" data-track-category=\"Link no Texto\" data-track-links=\"\"> \u2014 O que \u00e9 que tem o falecido? \u2014 reagir\u00e1 Arminda. <\/p>\n<p class=\" content-text__container \" data-track-category=\"Link no Texto\" data-track-links=\"\"> \u2014 Ali, naquele carro\u2026 Arminda, \u00e9 o teu marido\u2026 \u2014 continuar\u00e1 a advogada. <\/p>\n<p class=\" content-text__container \" data-track-category=\"Link no Texto\" data-track-links=\"\"> O carro se afastar\u00e1, mas Zenilda continuar\u00e1 consternada com o que viu. Um \u00f4nibus, ent\u00e3o, se aproximar\u00e1, e Arminda, num gesto brusco, a empurrar\u00e1 para a frente dele. <\/p>\n","protected":false},"excerpt":{"rendered":"O sinal abrir\u00e1, e Zenilda ficar\u00e1 em p\u00e2nico ao ver uma pessoa dentro de um carro: \u2014 Meu&hellip;\n","protected":false},"author":2,"featured_media":153938,"comment_status":"","ping_status":"","sticky":false,"template":"","format":"standard","meta":{"footnotes":""},"categories":[142],"tags":[2589,813,4393,114,115,4375,32,33,679,4376,151],"class_list":{"0":"post-153937","1":"post","2":"type-post","3":"status-publish","4":"format-standard","5":"has-post-thumbnail","7":"category-tv","8":"tag-andreia-horta","9":"tag-atriz","10":"tag-eduardo-moscovis","11":"tag-entertainment","12":"tag-entretenimento","13":"tag-grazi-massafera","14":"tag-portugal","15":"tag-pt","16":"tag-reportagem","17":"tag-tres-gracas","18":"tag-tv"},"share_on_mastodon":{"url":"https:\/\/pubeurope.com\/@pt\/115560347302440426","error":""},"_links":{"self":[{"href":"https:\/\/www.europesays.com\/pt\/wp-json\/wp\/v2\/posts\/153937","targetHints":{"allow":["GET"]}}],"collection":[{"href":"https:\/\/www.europesays.com\/pt\/wp-json\/wp\/v2\/posts"}],"about":[{"href":"https:\/\/www.europesays.com\/pt\/wp-json\/wp\/v2\/types\/post"}],"author":[{"embeddable":true,"href":"https:\/\/www.europesays.com\/pt\/wp-json\/wp\/v2\/users\/2"}],"replies":[{"embeddable":true,"href":"https:\/\/www.europesays.com\/pt\/wp-json\/wp\/v2\/comments?post=153937"}],"version-history":[{"count":0,"href":"https:\/\/www.europesays.com\/pt\/wp-json\/wp\/v2\/posts\/153937\/revisions"}],"wp:featuredmedia":[{"embeddable":true,"href":"https:\/\/www.europesays.com\/pt\/wp-json\/wp\/v2\/media\/153938"}],"wp:attachment":[{"href":"https:\/\/www.europesays.com\/pt\/wp-json\/wp\/v2\/media?parent=153937"}],"wp:term":[{"taxonomy":"category","embeddable":true,"href":"https:\/\/www.europesays.com\/pt\/wp-json\/wp\/v2\/categories?post=153937"},{"taxonomy":"post_tag","embeddable":true,"href":"https:\/\/www.europesays.com\/pt\/wp-json\/wp\/v2\/tags?post=153937"}],"curies":[{"name":"wp","href":"https:\/\/api.w.org\/{rel}","templated":true}]}}