{"id":153939,"date":"2025-11-16T16:36:18","date_gmt":"2025-11-16T16:36:18","guid":{"rendered":"https:\/\/www.europesays.com\/pt\/153939\/"},"modified":"2025-11-16T16:36:18","modified_gmt":"2025-11-16T16:36:18","slug":"temperatura-maxima-exibe-o-filme-resistencia-hoje-16-11-zoeira","status":"publish","type":"post","link":"https:\/\/www.europesays.com\/pt\/153939\/","title":{"rendered":"Temperatura M\u00e1xima exibe o filme &#8220;Resist\u00eancia&#8217; hoje (16\/11) &#8211; Zoeira"},"content":{"rendered":"<p>A &#8220;Temperatura M\u00e1xima&#8221; de hoje, domingo (16), exibe o filme\u00a0<strong>&#8220;<\/strong>Resist\u00eancia<strong>&#8220;<\/strong>, ap\u00f3s o Esporte Espetacular. O longa vai ao ar a partir das 12h30, na\u00a0TV Globo.<\/p>\n<p>\t\t\t\tVeja tamb\u00e9m<\/p>\n<p>\t\t<a href=\"https:\/\/diariodonordeste.verdesmares.com.br\/entretenimento\/zoeira\/confirmada-2-temporada-de-os-donos-do-jogo-1.3709052\" class=\"teaser-thumbnail teaser-thumbnail-sm aspect-[4\/3]\" title=\"Conhe\u00e7a mais not\u00edcias sobre Zoeira\" rel=\"nofollow noopener\" target=\"_blank\"><\/p>\n<p>\t\t<img decoding=\"async\" alt=\"teaser image\" src=\"https:\/\/www.europesays.com\/pt\/wp-content\/uploads\/2025\/11\/andre lamoglia com ficha da segunda temporada de Os Donos do Jogo.jpg\" class=\"teaser-image\" loading=\"lazy\"\/><br \/>\n\t<\/a><\/p>\n<p>\t\t<a href=\"https:\/\/diariodonordeste.verdesmares.com.br\/entretenimento\/zoeira\/boninho-se-pronuncia-apos-narcisa-tamborindeguy-o-criticar-1.3708942\" class=\"teaser-thumbnail teaser-thumbnail-sm aspect-[4\/3]\" title=\"Conhe\u00e7a mais not\u00edcias sobre Zoeira\" rel=\"nofollow noopener\" target=\"_blank\"><\/p>\n<p>\t\t<img decoding=\"async\" alt=\"teaser image\" src=\"https:\/\/www.europesays.com\/pt\/wp-content\/uploads\/2025\/11\/Boninho se pronuncia ap\u00f3s Narcisa Tamborindeguy o criticar.jpg\" class=\"teaser-image\" loading=\"lazy\"\/><br \/>\n\t<\/a><\/p>\n<p>Sinopse de &#8216;Resist\u00eancia&#8217;<\/p>\n<p>Em um futuro de guerra entre humanos e intelig\u00eancia artificial, um ex-agente das for\u00e7as especiais que sofre pelo desaparecimento de sua esposa \u00e9 recrutado para matar um arquiteto de IA que desenvolveu uma arma que pode eliminar a ra\u00e7a humana.<\/p>\n<p>Ficha t\u00e9cnica<\/p>\n<ul>&#13;<\/p>\n<li><strong>T\u00edtulo original:<\/strong> The Creator;<\/li>\n<p>&#13;<\/p>\n<li><strong>Elenco: <\/strong>John David Washington, Gemma Chan, Ken Watanabe;\u00a0<\/li>\n<p>&#13;<\/p>\n<li><strong>Dire\u00e7\u00e3o:<\/strong> Gareth Edwards;\u00a0<\/li>\n<p>&#13;<\/p>\n<li><strong>Nacionalidade:<\/strong> Estadunidense;<\/li>\n<p>&#13;<\/p>\n<li><strong>G\u00eanero: <\/strong>Fic\u00e7\u00e3o cient\u00edfica\/A\u00e7\u00e3o.<\/li>\n<p>&#13;\n<\/ul>\n","protected":false},"excerpt":{"rendered":"A &#8220;Temperatura M\u00e1xima&#8221; de hoje, domingo (16), exibe o filme\u00a0&#8220;Resist\u00eancia&#8220;, ap\u00f3s o Esporte Espetacular. O longa vai ao&hellip;\n","protected":false},"author":2,"featured_media":153940,"comment_status":"","ping_status":"","sticky":false,"template":"","format":"standard","meta":{"footnotes":""},"categories":[140],"tags":[2397,114,115,147,148,146,32,33],"class_list":{"0":"post-153939","1":"post","2":"type-post","3":"status-publish","4":"format-standard","5":"has-post-thumbnail","7":"category-filmes","8":"tag-artes-cultura-e-entretenimento","9":"tag-entertainment","10":"tag-entretenimento","11":"tag-film","12":"tag-filmes","13":"tag-movies","14":"tag-portugal","15":"tag-pt"},"share_on_mastodon":{"url":"https:\/\/pubeurope.com\/@pt\/115560355461638409","error":""},"_links":{"self":[{"href":"https:\/\/www.europesays.com\/pt\/wp-json\/wp\/v2\/posts\/153939","targetHints":{"allow":["GET"]}}],"collection":[{"href":"https:\/\/www.europesays.com\/pt\/wp-json\/wp\/v2\/posts"}],"about":[{"href":"https:\/\/www.europesays.com\/pt\/wp-json\/wp\/v2\/types\/post"}],"author":[{"embeddable":true,"href":"https:\/\/www.europesays.com\/pt\/wp-json\/wp\/v2\/users\/2"}],"replies":[{"embeddable":true,"href":"https:\/\/www.europesays.com\/pt\/wp-json\/wp\/v2\/comments?post=153939"}],"version-history":[{"count":0,"href":"https:\/\/www.europesays.com\/pt\/wp-json\/wp\/v2\/posts\/153939\/revisions"}],"wp:featuredmedia":[{"embeddable":true,"href":"https:\/\/www.europesays.com\/pt\/wp-json\/wp\/v2\/media\/153940"}],"wp:attachment":[{"href":"https:\/\/www.europesays.com\/pt\/wp-json\/wp\/v2\/media?parent=153939"}],"wp:term":[{"taxonomy":"category","embeddable":true,"href":"https:\/\/www.europesays.com\/pt\/wp-json\/wp\/v2\/categories?post=153939"},{"taxonomy":"post_tag","embeddable":true,"href":"https:\/\/www.europesays.com\/pt\/wp-json\/wp\/v2\/tags?post=153939"}],"curies":[{"name":"wp","href":"https:\/\/api.w.org\/{rel}","templated":true}]}}