{"id":15394,"date":"2025-08-04T11:14:21","date_gmt":"2025-08-04T11:14:21","guid":{"rendered":"https:\/\/www.europesays.com\/pt\/15394\/"},"modified":"2025-08-04T11:14:21","modified_gmt":"2025-08-04T11:14:21","slug":"o-seu-telemovel-esta-lento-e-provavel-que-a-culpa-seja-do-lixo-acumulado-no-whatsapp","status":"publish","type":"post","link":"https:\/\/www.europesays.com\/pt\/15394\/","title":{"rendered":"O seu telem\u00f3vel est\u00e1 lento? \u00c9 prov\u00e1vel que a culpa seja do &#8220;lixo&#8221; acumulado no WhatsApp"},"content":{"rendered":"<p>O seu telem\u00f3vel est\u00e1 cada vez mais lento e a bateria parece durar menos? Antes de pensar em troc\u00e1-lo, verifique o armazenamento, pois a culpada pode ser a aplica\u00e7\u00e3o que mais utiliza no dia a dia: o WhatsApp.<\/p>\n<p style=\"text-align: center;\"><a target=\"_blank\" href=\"https:\/\/pplware.sapo.pt\/wp-content\/uploads\/2024\/09\/whatsapp_iphone_versao.jpg\" onclick=\"refreshIframe()\" class=\"foobox\" rel=\"nofollow noopener\"><img fetchpriority=\"high\" decoding=\"async\" src=\"https:\/\/www.europesays.com\/pt\/wp-content\/uploads\/2025\/08\/whatsapp_iphone_versao-720x405.jpg\" alt=\"\" width=\"720\" height=\"405\" class=\"alignnone size-medium wp-image-1017405\"  \/><\/a><\/p>\n<p>WhatsApp \u00e9 o maior inimigo do armazenamento<\/p>\n<p>O problema do espa\u00e7o ocupado pelo WhatsApp n\u00e3o \u00e9 uma novidade. Desde os tempos em que os iPhones tinham apenas 8 GB de mem\u00f3ria e os telem\u00f3veis Android dependiam de cart\u00f5es microSD, <strong>que esta aplica\u00e7\u00e3o se revela um verdadeiro &#8220;bicho-pap\u00e3o&#8221; de gigabytes<\/strong>.<\/p>\n<p>Ao contr\u00e1rio de outras plataformas, o WhatsApp nunca permitiu de forma nativa mover os seus ficheiros para um armazenamento secund\u00e1rio, <strong>o que agrava a situa\u00e7\u00e3o<\/strong>.<\/p>\n<p>Hoje, mesmo com telem\u00f3veis de capacidades muito superiores, o cen\u00e1rio repete-se. A n\u00e3o ser que o utilizador instale jogos muito pesados ou armazene uma vasta biblioteca de v\u00eddeos em 4K, a pasta de ficheiros do WhatsApp \u00e9, quase invariavelmente, <strong>o maior inimigo do espa\u00e7o livre<\/strong>.<\/p>\n<p><strong>\ud83d\udc0c Porque \u00e9 que um telem\u00f3vel com pouco espa\u00e7o fica mais lento?<\/strong><\/p>\n<p>A rela\u00e7\u00e3o entre um armazenamento quase cheio e um desempenho reduzido \u00e9 direta e afeta todos os dispositivos eletr\u00f3nicos, desde telem\u00f3veis a computadores. O sistema operativo, seja ele iOS ou Android, necessita de uma margem de espa\u00e7o livre para executar opera\u00e7\u00f5es essenciais de leitura e escrita, <strong>como a gest\u00e3o de ficheiros tempor\u00e1rios e da mem\u00f3ria cache<\/strong>.<\/p>\n<p>Quando o armazenamento est\u00e1 a atingir o seu limite, o sistema tenta libertar espa\u00e7o, mas o processo torna-se ineficiente. Al\u00e9m disso, muitas fabricantes utilizam uma parte do armazenamento interno <strong>como RAM virtual para melhorar o desempenho<\/strong>.<\/p>\n<p>Se esse espa\u00e7o estiver ocupado, esta funcionalidade torna-se contraproducente, podendo at\u00e9 desgastar a mem\u00f3ria do dispositivo. A recomenda\u00e7\u00e3o \u00e9 clara: manter sempre uma percentagem de armazenamento livre <strong>\u00e9 important\u00edssimo para a fluidez do sistema<\/strong>.<\/p>\n<p>Meta oferece algumas ferramentas para libertar espa\u00e7o<\/p>\n<p>Felizmente, a <a target=\"_blank\" href=\"https:\/\/pplware.sapo.pt\/tag\/meta\/\" rel=\"nofollow noopener\">Meta<\/a>, empresa-m\u00e3e do WhatsApp, implementou ferramentas eficazes para ajudar os utilizadores a gerir este problema. Em vez de apagar ficheiros manualmente, um processo moroso e frustrante, <strong>pode usar o gestor de armazenamento integrado<\/strong>.<\/p>\n<p>Para tal, siga estes passos: no WhatsApp, aceda \u00e0s &#8220;Defini\u00e7\u00f5es&#8221; &gt; &#8220;Armazenamento e dados&#8221; &gt; &#8220;Gerir armazenamento&#8221;. Neste menu, a aplica\u00e7\u00e3o apresenta um relat\u00f3rio detalhado do espa\u00e7o ocupado. As sec\u00e7\u00f5es mais \u00fateis s\u00e3o:<\/p>\n<ul>\n<li><strong>Maior do que 5 MB<\/strong>\n<ul>\n<li>Um filtro excelente para encontrar e eliminar rapidamente os ficheiros mais pesados.<\/li>\n<\/ul>\n<\/li>\n<li><strong>Conversas<\/strong>\n<ul>\n<li>Abaixo, a lista de conversas individuais, de grupo e canais \u00e9 ordenada pelo espa\u00e7o que cada uma ocupa. Ao selecionar uma conversa, pode ver os ficheiros por tamanho e elimin\u00e1-los seletivamente.<\/li>\n<\/ul>\n<\/li>\n<\/ul>\n<p>Medidas preventivas no WhatsApp: evite chegar a um ponto cr\u00edtico<\/p>\n<p>Mais vale prevenir do que remediar. Para evitar que o WhatsApp consuma uma por\u00e7\u00e3o exagerada do seu armazenamento, a melhor estrat\u00e9gia \u00e9 adotar h\u00e1bitos preventivos. A pr\u00f3pria aplica\u00e7\u00e3o sugere algumas solu\u00e7\u00f5es:<\/p>\n<p><strong>1\ufe0f\u20e3 Ativar mensagens tempor\u00e1rias<\/strong><\/p>\n<p>Nas suas conversas ou grupos, pode definir que as mensagens desapare\u00e7am ap\u00f3s 24 horas, 7 dias ou 90 dias. Juntamente com as mensagens, os ficheiros multim\u00e9dia associados tamb\u00e9m ser\u00e3o eliminados, libertando espa\u00e7o automaticamente.<\/p>\n<p><strong>2\ufe0f\u20e3 Gerir transfer\u00eancias autom\u00e1ticas<\/strong><\/p>\n<p>Em &#8220;Defini\u00e7\u00f5es&#8221; &gt; &#8220;Armazenamento e dados&#8221;, pode controlar que tipo de ficheiros s\u00e3o transferidos automaticamente. Para um controlo m\u00e1ximo, defina todas as op\u00e7\u00f5es (fotografias, \u00e1udios, v\u00eddeos e documentos) para &#8220;Nunca&#8221;, <strong>de modo a que s\u00f3 descarregue aquilo que realmente lhe interessa<\/strong>.<\/p>\n<dl class=\"gallery-item\">\n<dt class=\"gallery-icon portrait\">\n\t\t\t\t<a data-attachment-id=\"1070638\" href=\"https:\/\/pplware.sapo.pt\/wp-content\/uploads\/2025\/07\/7-portrait.webp\" rel=\"nofollow noopener\" target=\"_blank\"><img loading=\"lazy\" decoding=\"async\" width=\"372\" height=\"720\" src=\"https:\/\/www.europesays.com\/pt\/wp-content\/uploads\/2025\/08\/7-portrait-372x720.webp.webp\" class=\"attachment-medium size-medium\" alt=\"\"  \/><\/a>\n\t\t\t<\/dt>\n<\/dl>\n<dl class=\"gallery-item\">\n<dt class=\"gallery-icon portrait\">\n\t\t\t\t<a data-attachment-id=\"1070639\" href=\"https:\/\/pplware.sapo.pt\/wp-content\/uploads\/2025\/07\/8-portrait.webp\" rel=\"nofollow noopener\" target=\"_blank\"><img loading=\"lazy\" decoding=\"async\" width=\"372\" height=\"720\" src=\"https:\/\/www.europesays.com\/pt\/wp-content\/uploads\/2025\/08\/8-portrait-372x720.webp.webp\" class=\"attachment-medium size-medium\" alt=\"\"  \/><\/a>\n\t\t\t<\/dt>\n<\/dl>\n<p><br style=\"clear: both\"\/><\/p>\n<p><strong>3\ufe0f\u20e3 Desativar &#8220;Guardar nas Fotos&#8221; (<a target=\"_blank\" href=\"https:\/\/apps.apple.com\/us\/app\/whatsapp-messenger\/id310633997\" rel=\"nofollow noopener\">iPhone<\/a>)<\/strong><\/p>\n<p>No iOS, em &#8220;Defini\u00e7\u00f5es&#8221; &gt; &#8220;Conversas&#8221;, pode desativar a op\u00e7\u00e3o &#8220;Guardar nas Fotos&#8221;. Isto impede que todas as imagens e v\u00eddeos recebidos no WhatsApp <strong>sejam duplicados na galeria do seu iPhone<\/strong>. Os ficheiros continuar\u00e3o dispon\u00edveis dentro da aplica\u00e7\u00e3o.<\/p>\n<dl class=\"gallery-item\">\n<dt class=\"gallery-icon portrait\">\n\t\t\t\t<a data-attachment-id=\"1070640\" href=\"https:\/\/pplware.sapo.pt\/wp-content\/uploads\/2025\/07\/10-portrait.webp\" rel=\"nofollow noopener\" target=\"_blank\"><img loading=\"lazy\" decoding=\"async\" width=\"372\" height=\"720\" src=\"https:\/\/www.europesays.com\/pt\/wp-content\/uploads\/2025\/08\/10-portrait-372x720.webp.webp\" class=\"attachment-medium size-medium\" alt=\"\"  \/><\/a>\n\t\t\t<\/dt>\n<\/dl>\n<dl class=\"gallery-item\">\n<dt class=\"gallery-icon portrait\">\n\t\t\t\t<a data-attachment-id=\"1070641\" href=\"https:\/\/pplware.sapo.pt\/wp-content\/uploads\/2025\/07\/9-portrait.webp\" rel=\"nofollow noopener\" target=\"_blank\"><img loading=\"lazy\" decoding=\"async\" width=\"372\" height=\"720\" src=\"https:\/\/www.europesays.com\/pt\/wp-content\/uploads\/2025\/08\/9-portrait-372x720.webp.webp\" class=\"attachment-medium size-medium\" alt=\"\"  \/><\/a>\n\t\t\t<\/dt>\n<\/dl>\n<p><br style=\"clear: both\"\/><\/p>\n<p>Solu\u00e7\u00f5es dr\u00e1sticas para casos extremos<\/p>\n<p>Quando o armazenamento ocupado atinge n\u00edveis insustent\u00e1veis e n\u00e3o quer perder todo o hist\u00f3rico, existe uma solu\u00e7\u00e3o mais radical: a fun\u00e7\u00e3o &#8220;Exportar conversa&#8221;. Dispon\u00edvel nas defini\u00e7\u00f5es de cada conversa, esta op\u00e7\u00e3o permite criar um ficheiro comprimido (.zip) com todo o hist\u00f3rico em formato de texto e, opcionalmente, <strong>todos os ficheiros multim\u00e9dia<\/strong>.<\/p>\n<p>Este processo \u00e9 r\u00e1pido e permite-lhe guardar o ficheiro num computador ou na nuvem, preservando o conte\u00fado da conversa. O grande inconveniente <strong>\u00e9 que n\u00e3o existe uma fun\u00e7\u00e3o para importar este zip de volta para o WhatsApp<\/strong>.<\/p>\n<p>\u2757 \u00c9 uma solu\u00e7\u00e3o de arquivo, n\u00e3o de restauro.<\/p>\n<p style=\"text-align: center;\"><a target=\"_blank\" href=\"https:\/\/pplware.sapo.pt\/wp-content\/uploads\/2025\/07\/11-3.webp\" rel=\"nofollow noopener\"><img loading=\"lazy\" decoding=\"async\" src=\"https:\/\/www.europesays.com\/pt\/wp-content\/uploads\/2025\/08\/11-3-720x405.webp.webp\" alt=\"\" width=\"720\" height=\"405\" class=\"alignnone size-medium wp-image-1070642\"  \/><\/a><\/p>\n<p>A tecnologia oferece as ferramentas, mas o maior obst\u00e1culo \u00e9, frequentemente, humano. Muitos de n\u00f3s tratamos o WhatsApp como um \u00e1lbum de recorda\u00e7\u00f5es digital, onde guardamos mem\u00f3rias de fam\u00edlia, amigos e momentos importantes. Este apego emocional <strong>torna a tarefa de &#8220;fazer uma limpeza&#8221; particularmente dif\u00edcil<\/strong>.<\/p>\n<p>Plataformas como o <a target=\"_blank\" href=\"https:\/\/pplware.sapo.pt\/tag\/telegram\/\" rel=\"nofollow noopener\">Telegram<\/a> contornam este problema ao armazenar tudo na nuvem, sem ocupar espa\u00e7o significativo no dispositivo. No entanto, a arquitetura do WhatsApp <strong>obriga a que os ficheiros residam na mem\u00f3ria do telem\u00f3vel<\/strong>.<\/p>\n<p>\u00a0<\/p>\n<p><strong>Leia tamb\u00e9m:<\/strong><\/p>\n","protected":false},"excerpt":{"rendered":"O seu telem\u00f3vel est\u00e1 cada vez mais lento e a bateria parece durar menos? Antes de pensar em&hellip;\n","protected":false},"author":2,"featured_media":15395,"comment_status":"","ping_status":"","sticky":false,"template":"","format":"standard","meta":{"footnotes":""},"categories":[84],"tags":[2791,109,107,108,32,33,105,103,104,106,110,894],"class_list":{"0":"post-15394","1":"post","2":"type-post","3":"status-publish","4":"format-standard","5":"has-post-thumbnail","7":"category-ciencia-e-tecnologia","8":"tag-armazenamento","9":"tag-ciencia","10":"tag-ciencia-e-tecnologia","11":"tag-cienciaetecnologia","12":"tag-portugal","13":"tag-pt","14":"tag-science","15":"tag-science-and-technology","16":"tag-scienceandtechnology","17":"tag-technology","18":"tag-tecnologia","19":"tag-whatsapp"},"share_on_mastodon":{"url":"","error":""},"_links":{"self":[{"href":"https:\/\/www.europesays.com\/pt\/wp-json\/wp\/v2\/posts\/15394","targetHints":{"allow":["GET"]}}],"collection":[{"href":"https:\/\/www.europesays.com\/pt\/wp-json\/wp\/v2\/posts"}],"about":[{"href":"https:\/\/www.europesays.com\/pt\/wp-json\/wp\/v2\/types\/post"}],"author":[{"embeddable":true,"href":"https:\/\/www.europesays.com\/pt\/wp-json\/wp\/v2\/users\/2"}],"replies":[{"embeddable":true,"href":"https:\/\/www.europesays.com\/pt\/wp-json\/wp\/v2\/comments?post=15394"}],"version-history":[{"count":0,"href":"https:\/\/www.europesays.com\/pt\/wp-json\/wp\/v2\/posts\/15394\/revisions"}],"wp:featuredmedia":[{"embeddable":true,"href":"https:\/\/www.europesays.com\/pt\/wp-json\/wp\/v2\/media\/15395"}],"wp:attachment":[{"href":"https:\/\/www.europesays.com\/pt\/wp-json\/wp\/v2\/media?parent=15394"}],"wp:term":[{"taxonomy":"category","embeddable":true,"href":"https:\/\/www.europesays.com\/pt\/wp-json\/wp\/v2\/categories?post=15394"},{"taxonomy":"post_tag","embeddable":true,"href":"https:\/\/www.europesays.com\/pt\/wp-json\/wp\/v2\/tags?post=15394"}],"curies":[{"name":"wp","href":"https:\/\/api.w.org\/{rel}","templated":true}]}}