{"id":153941,"date":"2025-11-16T16:37:12","date_gmt":"2025-11-16T16:37:12","guid":{"rendered":"https:\/\/www.europesays.com\/pt\/153941\/"},"modified":"2025-11-16T16:37:12","modified_gmt":"2025-11-16T16:37:12","slug":"goleada-a-armenia-portugal-apurado-para-o-mundial-de-2026","status":"publish","type":"post","link":"https:\/\/www.europesays.com\/pt\/153941\/","title":{"rendered":"Goleada \u00e0 Arm\u00e9nia. Portugal apurado para o Mundial de 2026"},"content":{"rendered":"<p>                Sem o castigado Cristiano Ronaldo, Portugal adiantou-se por Renato Veiga (7 minutos), mas os arm\u00e9nios empataram atrav\u00e9s de Eduard Spertsyan (18), antes de Gon\u00e7alo Ramos (28), Jo\u00e3o Neves (30, 41 e 81), Bruno Fernandes (45+3, 51 e 72, o primeiro e o \u00faltimo de pen\u00e1lti) e Francisco Concei\u00e7\u00e3o (90+2) fixarem o resultado, que permitiu \u00e0 sele\u00e7\u00e3o nacional confirmar a lideran\u00e7a do grupo e a passagem para o Campeonato do Mundo de 2026.<\/p>\n<p>Com casa praticamente cheia no Est\u00e1dio do Drag\u00e3o, no Porto, e num encontro de sentido \u00fanico, Portugal teve a primeira investida atrav\u00e9s de um cruzamento de Bernardo Silva e Bruno Fernandes viu o remate ser bloqueado. Na recarga, Rafael Le\u00e3o acertou noutro defesa e N\u00e9lson Semedo atirou enrolado, para fora.<\/p>\n<p>&#13;<br \/>\nPortugal dominava em toda a linha e cedo marcou. Bruno Fernandes bateu um livre em dire\u00e7\u00e3o \u00e0 baliza e o guarda-redes, a meias com o poste, impediu o golo. Na recarga, Renato Veiga empurrou de cabe\u00e7a para o 1-0 \u00e0 passagem do minuto 7.&#13;\n<\/p>\n<p><img decoding=\"async\" src=\"https:\/\/www.europesays.com\/pt\/wp-content\/uploads\/2025\/11\/eb5f9337a49ea2dd198be24d75b9751d\"\/>(Foto:\u00a0Pedro Nunes &#8211; Reuters)<\/p>\n<p>&#13;<br \/>\nContra a corrente do jogo, e ao minuto 18, a Arm\u00e9nia empatou por interm\u00e9dio Spertsyan. Ranos entrou pela direita do ataque e endossou para o m\u00e9dio arm\u00e9nio que se antecipou a N\u00e9lson Semedo e encostou para o fundo da baliza de um desamparado Diogo Costa.&#13;\n<\/p>\n<p><img decoding=\"async\" src=\"https:\/\/www.europesays.com\/pt\/wp-content\/uploads\/2025\/11\/ad89ba222a0524585b7359597fe2b0cb\"\/>(Foto: Pedro Nunes &#8211; Reuters)<\/p>\n<p>\nNa resposta, Gon\u00e7alo Ramos teve o 2-1 nos p\u00e9s. Bela arrancada de Rafael Le\u00e3o pela esquerda que fez um cruzamento para Gon\u00e7alo Ramos rematar na passada, mas o guarda-redes da Arm\u00e9nia efetuou uma bel\u00edssima defesa.<\/p>\n<p>&#13;<br \/>\nPerto da meia hora de jogo, Portugal adiantou-se, de novo, no marcador. Gon\u00e7alo Ramos aproveitou um erro defensivo da Arm\u00e9nia, contornou o guarda-redes e assinou o 2-1.&#13;\n<\/p>\n<p><img decoding=\"async\" src=\"https:\/\/www.europesays.com\/pt\/wp-content\/uploads\/2025\/11\/0e1be3b5191eee070d367d9ba1a7e1c2\"\/>(Foto:\u00a0Manuel Fernando Ara\u00fajo &#8211; Lusa)<\/p>\n<p>\nAinda a Arm\u00e9nia n\u00e3o tinha recuperado do golo de Portugal e a sele\u00e7\u00e3o nacional marcava o terceiro. Recupera\u00e7\u00e3o alta da equipa das quinas, bola bem trabalhada \u00e0 entrada da \u00e1rea, com triangula\u00e7\u00e3o entre Semedo, Vitinha e Bruno Fernandes, com o m\u00e9dio do Manchester a deixar para Jo\u00e3o Neves rematar de primeira, sem hip\u00f3teses de defesa para o guarda-redes Avagyan da Arm\u00e9nia.<\/p>\n<p>Perto do intervalo, registo para um grande golo de Jo\u00e3o Neves. O m\u00e9dio do PSG executou um livre direto na perfei\u00e7\u00e3o. A bola ainda bateu na barra antes de entrar. Estava feito o 4-1 para Portugal.<\/p>\n<p>&#13;<br \/>\nNos descontos da primeira parte, pen\u00e1lti para Portugal por falta sobre R\u00faben Dias. Bruno Fernandes converteu na perfei\u00e7\u00e3o. 5-1 para Portugal numa primeira parte quase ex\u00edmia, n\u00e3o fosse o golo sofrido.&#13;\n<\/p>\n<p><img decoding=\"async\" src=\"https:\/\/www.europesays.com\/pt\/wp-content\/uploads\/2025\/11\/5c4a24a559cb8613fa31767e427572a8\"\/>(Foto: Pedro Nunes &#8211; Reuters)<\/p>\n<p>\nNa segunda parte a toada da partida mantinha-se com dom\u00ednio de Portugal, e a hist\u00f3ria conta-se pelos golos da sele\u00e7\u00e3o nacional. <\/p>\n<p>&#13;<br \/>\nRafael Le\u00e3o testava a aten\u00e7\u00e3o do guarda-redes Avagyan da Arm\u00e9nia que defendeu um remate do jogador do AC Mil\u00e3o. Ao minuto 51, Bruno Fernandes tamb\u00e9m bisava. Lance bem trabalhado entre o m\u00e9dio e Gon\u00e7alo Ramos. O avan\u00e7ado tirou um advers\u00e1rio do caminho e serviu o m\u00e9dio do Manchester United, que rematou forte e rasteiro para o 6-1.&#13;\n<\/p>\n<p><img decoding=\"async\" src=\"https:\/\/www.europesays.com\/pt\/wp-content\/uploads\/2025\/11\/457e40167d94d34ea4e50e3e2bbaeda0\"\/>(Foto: Pedro Nunes &#8211; Reuters)<\/p>\n<p>\nPouco depois, Roberto Mart\u00ednez mexeu na equipa e proporcionou a estreia de Carlos Forbs, com a camisola 7 na aus\u00eancia de Cristiano Ronaldo, e a entrada de Francisco Con\u00e7ei\u00e7\u00e3o para os lugares de Bernardo Silva e Rafael Le\u00e3o. Pouco depois Vitinha cedia o lugar a Jo\u00e3o F\u00e9lix.<\/p>\n<p>Mas antes Vitinha e Francisco Concei\u00e7\u00e3o estiveram perto do s\u00e9timo golo de Portugal. O jogador da Juventuss recebeu sobre a meia-direita, puxou para dentro e atirou para defesa de Avagyan. O m\u00e9dio do PSG, ap\u00f3s um mau al\u00edvio da defensiva arm\u00e9nia, atirou ao lado.<\/p>\n<p>Ao minuto 72, nova grande penalidade para a sele\u00e7\u00e3o nacional. Falta cometida sobre o estreante Carlos Forbs. Bruno Fernandes tomou a si a responsabilidade da marca\u00e7\u00e3o do castigo m\u00e1ximo e enganou de novo o guarda-redes da Arm\u00e9nia Avagyan. Hat-trick para o m\u00e9dio portugu\u00eas.<\/p>\n<p>Roberto Mart\u00ednez operava novas substitui\u00e7\u00f5es. Entraram Matheus Nunes e R\u00faben Neves para os lugares de R\u00faben Dias e Cancelo.<\/p>\n<p>Bruno Fernandes quase marcava um p\u00f3quer. Tentativa de canto direto do m\u00e9dio portugu\u00eas, mas o guarda-redes arm\u00e9nio afastou com alguma dificuldade.<\/p>\n<p>Jo\u00e3o Neves n\u00e3o quis ficar atr\u00e1s de Bruno Fernandes e tamb\u00e9m fez um hat-trick. Canto do m\u00e9dio do Manchester United, insist\u00eancia por parte de Renato Veiga e o m\u00e9dio, j\u00e1 em desequil\u00edbrio, atirou para o oitavo golo de Portugal e o terceiro da conta pessoal.<\/p>\n<p>Perto do final, Jo\u00e3o F\u00e9lix teve nos p\u00e9s o nono de Portugal. Que perdida do jogador do Al Nassr. Sozinho frente ao guarda-redes arm\u00e9nio picou a bola por cima da trave. F\u00e9lix podia ter endossado a bola a Bruno Fernandes que estava isolado para o golo.<\/p>\n<p>Mas, antes, Francisco Concei\u00e7\u00e3o ficou, tamb\u00e9m ele, \u00e0 beira do nono golo de Portugal. O extremo tirou um advers\u00e1rio do caminho e rematou muito por cima da trave.<\/p>\n<p>Nos descontos da partida, Portugal finalmente marcava o nono golo por interm\u00e9dio de Francisco Concei\u00e7\u00e3o. Forbs deixou para Jo\u00e3o F\u00e9lix, que serviu o jogador da Juventus. O extremo ajeitou bem a bola e rematou colocado para o 9-1.<\/p>\n<p>Depois de 1966, 1986, 2002, 2006, 2010, 2014, 2018 e 2022, Portugal vai participar pela nona vez num Mundial, e s\u00e9tima consecutiva, sendo que o melhor desempenho remonta precisamente \u00e0 primeira presen\u00e7a, em Inglaterra, quando terminou no terceiro lugar.<br \/>&#13;\n            <\/p>\n","protected":false},"excerpt":{"rendered":"Sem o castigado Cristiano Ronaldo, Portugal adiantou-se por Renato Veiga (7 minutos), mas os arm\u00e9nios empataram atrav\u00e9s de&hellip;\n","protected":false},"author":2,"featured_media":153942,"comment_status":"","ping_status":"","sticky":false,"template":"","format":"standard","meta":{"footnotes":""},"categories":[87],"tags":[135,13,32,33,420,421,134],"class_list":{"0":"post-153941","1":"post","2":"type-post","3":"status-publish","4":"format-standard","5":"has-post-thumbnail","7":"category-desporto","8":"tag-desporto","9":"tag-noticias","10":"tag-portugal","11":"tag-pt","12":"tag-rtp","13":"tag-rtp-noticias","14":"tag-sports"},"share_on_mastodon":{"url":"https:\/\/pubeurope.com\/@pt\/115560359351665322","error":""},"_links":{"self":[{"href":"https:\/\/www.europesays.com\/pt\/wp-json\/wp\/v2\/posts\/153941","targetHints":{"allow":["GET"]}}],"collection":[{"href":"https:\/\/www.europesays.com\/pt\/wp-json\/wp\/v2\/posts"}],"about":[{"href":"https:\/\/www.europesays.com\/pt\/wp-json\/wp\/v2\/types\/post"}],"author":[{"embeddable":true,"href":"https:\/\/www.europesays.com\/pt\/wp-json\/wp\/v2\/users\/2"}],"replies":[{"embeddable":true,"href":"https:\/\/www.europesays.com\/pt\/wp-json\/wp\/v2\/comments?post=153941"}],"version-history":[{"count":0,"href":"https:\/\/www.europesays.com\/pt\/wp-json\/wp\/v2\/posts\/153941\/revisions"}],"wp:featuredmedia":[{"embeddable":true,"href":"https:\/\/www.europesays.com\/pt\/wp-json\/wp\/v2\/media\/153942"}],"wp:attachment":[{"href":"https:\/\/www.europesays.com\/pt\/wp-json\/wp\/v2\/media?parent=153941"}],"wp:term":[{"taxonomy":"category","embeddable":true,"href":"https:\/\/www.europesays.com\/pt\/wp-json\/wp\/v2\/categories?post=153941"},{"taxonomy":"post_tag","embeddable":true,"href":"https:\/\/www.europesays.com\/pt\/wp-json\/wp\/v2\/tags?post=153941"}],"curies":[{"name":"wp","href":"https:\/\/api.w.org\/{rel}","templated":true}]}}